{"id":12995,"date":"2024-12-29T23:23:41","date_gmt":"2024-12-29T22:23:41","guid":{"rendered":"https:\/\/www.campinganderwald.at\/korutanska-jezerni-smycka-jedna-z-legendarnich-cyklotras-v-evrope-podle-lo\/"},"modified":"2024-12-29T23:45:05","modified_gmt":"2024-12-29T22:45:05","slug":"korutanska-jezerni-smycka-jedna-z-legendarnich-cyklotras-v-evrope-podle-lo","status":"publish","type":"post","link":"https:\/\/www.campinganderwald.at\/cs\/korutanska-jezerni-smycka-jedna-z-legendarnich-cyklotras-v-evrope-podle-lo\/","title":{"rendered":"Korutansk\u00e1 jezern\u00ed smy\u010dka &#8211; jedna z legend\u00e1rn\u00edch cyklotras v Evrop\u011b (podle Lo"},"content":{"rendered":"\t\t<div data-elementor-type=\"wp-post\" data-elementor-id=\"12995\" class=\"elementor elementor-12995 elementor-12990\" data-elementor-post-type=\"post\">\n\t\t\t\t\t\t<section class=\"elementor-section elementor-top-section elementor-element elementor-element-c71ce18 elementor-section-boxed elementor-section-height-default elementor-section-height-default qodef-elementor-content-no\" data-id=\"c71ce18\" data-element_type=\"section\" data-e-type=\"section\">\n\t\t\t\t\t\t<div class=\"elementor-container elementor-column-gap-default\">\n\t\t\t\t\t<div class=\"elementor-column elementor-col-100 elementor-top-column elementor-element elementor-element-97ad784\" data-id=\"97ad784\" data-element_type=\"column\" data-e-type=\"column\">\n\t\t\t<div class=\"elementor-widget-wrap elementor-element-populated\">\n\t\t\t\t\t\t<div class=\"elementor-element elementor-element-a2848e7 elementor-widget elementor-widget-text-editor\" data-id=\"a2848e7\" data-element_type=\"widget\" data-e-type=\"widget\" data-widget_type=\"text-editor.default\">\n\t\t\t\t<div class=\"elementor-widget-container\">\n\t\t\t\t\t\t\t\t\t<p>Korutansk\u00e1 jezern\u00ed smy\u010dka se dostala do seznamu legend\u00e1rn\u00edch cyklotras Conley Planet. Cyklotrasa je dlouh\u00e1 v\u00edce ne\u017e 400 kilometr\u016f a vede po etap\u00e1ch pod\u00e9l 20 nejkr\u00e1sn\u011bj\u0161\u00edch korutansk\u00fdch jezer, samoz\u0159ejm\u011b v\u010detn\u011b kempu Anderwald u jezera Faak.   <br \/>Na t\u00e9to trase m\u00e1te pocit, \u017ee 50 procent trasy jedete pod\u00e9l vody. Bu\u010f pod\u00e9l \u010detn\u00fdch zn\u00e1m\u00fdch korutansk\u00fdch jezer, nebo pod\u00e9l b\u0159eh\u016f \u0159ek Gail \u010di Drau se spoustou p\u0159\u00edle\u017eitost\u00ed ke koup\u00e1n\u00ed. Spousta slune\u010dn\u00edho svitu, m\u00edrn\u00e9 klima, dlouh\u00e1 sez\u00f3na, nejteplej\u0161\u00ed jezera ke koup\u00e1n\u00ed v Evrop\u011b a chutn\u00e1 korutansk\u00e1 kuchyn\u011b, to v\u0161e p\u0159isp\u00edv\u00e1 k jej\u00ed oblib\u011b.    <br \/>Pro cyklisty m\u00e1me m\u00edsto v\u017edy &#8211; od roku 2025 bude pro cyklisty vy\u010dlen\u011bn samostatn\u00fd prostor na pl\u00e1\u017ei, tedy p\u0159\u00edmo u jezera.<\/p>\n\t\t\t\t\t\t\t\t<\/div>\n\t\t\t\t<\/div>\n\t\t\t\t\t<\/div>\n\t\t<\/div>\n\t\t\t\t\t<\/div>\n\t\t<\/section>\n\t\t\t\t<\/div>\n\t\t","protected":false},"excerpt":{"rendered":"<p>Korutansk\u00e1 jezern\u00ed smy\u010dka se dostala do seznamu legend\u00e1rn\u00edch cyklotras Conley Planet. Cyklotrasa je dlouh\u00e1 v\u00edce ne\u017e 400 kilometr\u016f a vede po etap\u00e1ch pod\u00e9l 20 nejkr\u00e1sn\u011bj\u0161\u00edch korutansk\u00fdch jezer, samoz\u0159ejm\u011b v\u010detn\u011b kempu Anderwald u jezera Faak. Na t\u00e9to trase m\u00e1te pocit, \u017ee 50 procent trasy jedete pod\u00e9l vody. Bu\u010f pod\u00e9l \u010detn\u00fdch zn\u00e1m\u00fdch korutansk\u00fdch jezer, nebo pod\u00e9l b\u0159eh\u016f [&hellip;]<\/p>\n","protected":false},"author":4,"featured_media":11682,"comment_status":"open","ping_status":"open","sticky":false,"template":"","format":"standard","meta":{"footnotes":""},"categories":[14],"tags":[],"class_list":["post-12995","post","type-post","status-publish","format-standard","has-post-thumbnail","hentry","category-uncategorized-cs"],"yoast_head":"<!-- This site is optimized with the Yoast SEO plugin v27.5 - https:\/\/yoast.com\/product\/yoast-seo-wordpress\/ -->\n<title>Korutansk\u00e1 jezern\u00ed smy\u010dka - jedna z legend\u00e1rn\u00edch cyklotras v Evrop\u011b (podle Lo - Camping Anderwald<\/title>\n<meta name=\"robots\" content=\"index, follow, max-snippet:-1, max-image-preview:large, max-video-preview:-1\" \/>\n<link rel=\"canonical\" href=\"https:\/\/www.campinganderwald.at\/cs\/korutanska-jezerni-smycka-jedna-z-legendarnich-cyklotras-v-evrope-podle-lo\/\" \/>\n<meta property=\"og:locale\" content=\"cs_CZ\" \/>\n<meta property=\"og:type\" content=\"article\" \/>\n<meta property=\"og:title\" content=\"Korutansk\u00e1 jezern\u00ed smy\u010dka - jedna z legend\u00e1rn\u00edch cyklotras v Evrop\u011b (podle Lo - Camping Anderwald\" \/>\n<meta property=\"og:description\" content=\"Korutansk\u00e1 jezern\u00ed smy\u010dka se dostala do seznamu legend\u00e1rn\u00edch cyklotras Conley Planet. Cyklotrasa je dlouh\u00e1 v\u00edce ne\u017e 400 kilometr\u016f a vede po etap\u00e1ch pod\u00e9l 20 nejkr\u00e1sn\u011bj\u0161\u00edch korutansk\u00fdch jezer, samoz\u0159ejm\u011b v\u010detn\u011b kempu Anderwald u jezera Faak. Na t\u00e9to trase m\u00e1te pocit, \u017ee 50 procent trasy jedete pod\u00e9l vody. Bu\u010f pod\u00e9l \u010detn\u00fdch zn\u00e1m\u00fdch korutansk\u00fdch jezer, nebo pod\u00e9l b\u0159eh\u016f [&hellip;]\" \/>\n<meta property=\"og:url\" content=\"https:\/\/www.campinganderwald.at\/cs\/korutanska-jezerni-smycka-jedna-z-legendarnich-cyklotras-v-evrope-podle-lo\/\" \/>\n<meta property=\"og:site_name\" content=\"Camping Anderwald\" \/>\n<meta property=\"article:published_time\" content=\"2024-12-29T22:23:41+00:00\" \/>\n<meta property=\"article:modified_time\" content=\"2024-12-29T22:45:05+00:00\" \/>\n<meta property=\"og:image\" content=\"https:\/\/www.campinganderwald.at\/wp-content\/uploads\/2024\/01\/Basecamp-Anderwald-46-2-scaled.jpg\" \/>\n\t<meta property=\"og:image:width\" content=\"2560\" \/>\n\t<meta property=\"og:image:height\" content=\"1707\" \/>\n\t<meta property=\"og:image:type\" content=\"image\/jpeg\" \/>\n<meta name=\"author\" content=\"Hannes\" \/>\n<meta name=\"twitter:card\" content=\"summary_large_image\" \/>\n<meta name=\"twitter:label1\" content=\"Napsal(a)\" \/>\n\t<meta name=\"twitter:data1\" content=\"Hannes\" \/>\n\t<meta name=\"twitter:label2\" content=\"Odhadovan\u00e1 doba \u010dten\u00ed\" \/>\n\t<meta name=\"twitter:data2\" content=\"1 minuta\" \/>\n<script type=\"application\/ld+json\" class=\"yoast-schema-graph\">{\"@context\":\"https:\\\/\\\/schema.org\",\"@graph\":[{\"@type\":\"Article\",\"@id\":\"https:\\\/\\\/www.campinganderwald.at\\\/cs\\\/korutanska-jezerni-smycka-jedna-z-legendarnich-cyklotras-v-evrope-podle-lo\\\/#article\",\"isPartOf\":{\"@id\":\"https:\\\/\\\/www.campinganderwald.at\\\/cs\\\/korutanska-jezerni-smycka-jedna-z-legendarnich-cyklotras-v-evrope-podle-lo\\\/\"},\"author\":{\"name\":\"Hannes\",\"@id\":\"https:\\\/\\\/www.campinganderwald.at\\\/cs\\\/#\\\/schema\\\/person\\\/1980ee778093d472e8351ad11c78bf99\"},\"headline\":\"Korutansk\u00e1 jezern\u00ed smy\u010dka &#8211; jedna z legend\u00e1rn\u00edch cyklotras v Evrop\u011b (podle Lo\",\"datePublished\":\"2024-12-29T22:23:41+00:00\",\"dateModified\":\"2024-12-29T22:45:05+00:00\",\"mainEntityOfPage\":{\"@id\":\"https:\\\/\\\/www.campinganderwald.at\\\/cs\\\/korutanska-jezerni-smycka-jedna-z-legendarnich-cyklotras-v-evrope-podle-lo\\\/\"},\"wordCount\":159,\"commentCount\":0,\"publisher\":{\"@id\":\"https:\\\/\\\/www.campinganderwald.at\\\/cs\\\/#organization\"},\"image\":{\"@id\":\"https:\\\/\\\/www.campinganderwald.at\\\/cs\\\/korutanska-jezerni-smycka-jedna-z-legendarnich-cyklotras-v-evrope-podle-lo\\\/#primaryimage\"},\"thumbnailUrl\":\"https:\\\/\\\/www.campinganderwald.at\\\/wp-content\\\/uploads\\\/2024\\\/01\\\/Basecamp-Anderwald-46-2-scaled.jpg\",\"articleSection\":[\"Uncategorized @cs\"],\"inLanguage\":\"cs\",\"potentialAction\":[{\"@type\":\"CommentAction\",\"name\":\"Comment\",\"target\":[\"https:\\\/\\\/www.campinganderwald.at\\\/cs\\\/korutanska-jezerni-smycka-jedna-z-legendarnich-cyklotras-v-evrope-podle-lo\\\/#respond\"]}]},{\"@type\":\"WebPage\",\"@id\":\"https:\\\/\\\/www.campinganderwald.at\\\/cs\\\/korutanska-jezerni-smycka-jedna-z-legendarnich-cyklotras-v-evrope-podle-lo\\\/\",\"url\":\"https:\\\/\\\/www.campinganderwald.at\\\/cs\\\/korutanska-jezerni-smycka-jedna-z-legendarnich-cyklotras-v-evrope-podle-lo\\\/\",\"name\":\"Korutansk\u00e1 jezern\u00ed smy\u010dka - jedna z legend\u00e1rn\u00edch cyklotras v Evrop\u011b (podle Lo - Camping Anderwald\",\"isPartOf\":{\"@id\":\"https:\\\/\\\/www.campinganderwald.at\\\/cs\\\/#website\"},\"primaryImageOfPage\":{\"@id\":\"https:\\\/\\\/www.campinganderwald.at\\\/cs\\\/korutanska-jezerni-smycka-jedna-z-legendarnich-cyklotras-v-evrope-podle-lo\\\/#primaryimage\"},\"image\":{\"@id\":\"https:\\\/\\\/www.campinganderwald.at\\\/cs\\\/korutanska-jezerni-smycka-jedna-z-legendarnich-cyklotras-v-evrope-podle-lo\\\/#primaryimage\"},\"thumbnailUrl\":\"https:\\\/\\\/www.campinganderwald.at\\\/wp-content\\\/uploads\\\/2024\\\/01\\\/Basecamp-Anderwald-46-2-scaled.jpg\",\"datePublished\":\"2024-12-29T22:23:41+00:00\",\"dateModified\":\"2024-12-29T22:45:05+00:00\",\"breadcrumb\":{\"@id\":\"https:\\\/\\\/www.campinganderwald.at\\\/cs\\\/korutanska-jezerni-smycka-jedna-z-legendarnich-cyklotras-v-evrope-podle-lo\\\/#breadcrumb\"},\"inLanguage\":\"cs\",\"potentialAction\":[{\"@type\":\"ReadAction\",\"target\":[\"https:\\\/\\\/www.campinganderwald.at\\\/cs\\\/korutanska-jezerni-smycka-jedna-z-legendarnich-cyklotras-v-evrope-podle-lo\\\/\"]}]},{\"@type\":\"ImageObject\",\"inLanguage\":\"cs\",\"@id\":\"https:\\\/\\\/www.campinganderwald.at\\\/cs\\\/korutanska-jezerni-smycka-jedna-z-legendarnich-cyklotras-v-evrope-podle-lo\\\/#primaryimage\",\"url\":\"https:\\\/\\\/www.campinganderwald.at\\\/wp-content\\\/uploads\\\/2024\\\/01\\\/Basecamp-Anderwald-46-2-scaled.jpg\",\"contentUrl\":\"https:\\\/\\\/www.campinganderwald.at\\\/wp-content\\\/uploads\\\/2024\\\/01\\\/Basecamp-Anderwald-46-2-scaled.jpg\",\"width\":2560,\"height\":1707},{\"@type\":\"BreadcrumbList\",\"@id\":\"https:\\\/\\\/www.campinganderwald.at\\\/cs\\\/korutanska-jezerni-smycka-jedna-z-legendarnich-cyklotras-v-evrope-podle-lo\\\/#breadcrumb\",\"itemListElement\":[{\"@type\":\"ListItem\",\"position\":1,\"name\":\"Startseite\",\"item\":\"https:\\\/\\\/www.campinganderwald.at\\\/cs\\\/\"},{\"@type\":\"ListItem\",\"position\":2,\"name\":\"Korutansk\u00e1 jezern\u00ed smy\u010dka &#8211; jedna z legend\u00e1rn\u00edch cyklotras v Evrop\u011b (podle Lo\"}]},{\"@type\":\"WebSite\",\"@id\":\"https:\\\/\\\/www.campinganderwald.at\\\/cs\\\/#website\",\"url\":\"https:\\\/\\\/www.campinganderwald.at\\\/cs\\\/\",\"name\":\"Camping Anderwald\",\"description\":\"Unser Campingplatz liegt direkt am Faaker See in K\u00e4rnten, eingebettet in die traumhafte Kulisse der das gesamte Gebiet umgebenden Karawanken. Der Faaker See ist nicht nur der s\u00fcdlichste Badesee K\u00e4rntens, er ist auch einer der...\",\"publisher\":{\"@id\":\"https:\\\/\\\/www.campinganderwald.at\\\/cs\\\/#organization\"},\"potentialAction\":[{\"@type\":\"SearchAction\",\"target\":{\"@type\":\"EntryPoint\",\"urlTemplate\":\"https:\\\/\\\/www.campinganderwald.at\\\/cs\\\/?s={search_term_string}\"},\"query-input\":{\"@type\":\"PropertyValueSpecification\",\"valueRequired\":true,\"valueName\":\"search_term_string\"}}],\"inLanguage\":\"cs\"},{\"@type\":\"Organization\",\"@id\":\"https:\\\/\\\/www.campinganderwald.at\\\/cs\\\/#organization\",\"name\":\"Camping Anderwald\",\"url\":\"https:\\\/\\\/www.campinganderwald.at\\\/cs\\\/\",\"logo\":{\"@type\":\"ImageObject\",\"inLanguage\":\"cs\",\"@id\":\"https:\\\/\\\/www.campinganderwald.at\\\/cs\\\/#\\\/schema\\\/logo\\\/image\\\/\",\"url\":\"https:\\\/\\\/www.campinganderwald.at\\\/wp-content\\\/uploads\\\/2022\\\/01\\\/campingAnderwald-logo.svg\",\"contentUrl\":\"https:\\\/\\\/www.campinganderwald.at\\\/wp-content\\\/uploads\\\/2022\\\/01\\\/campingAnderwald-logo.svg\",\"caption\":\"Camping Anderwald\"},\"image\":{\"@id\":\"https:\\\/\\\/www.campinganderwald.at\\\/cs\\\/#\\\/schema\\\/logo\\\/image\\\/\"}},{\"@type\":\"Person\",\"@id\":\"https:\\\/\\\/www.campinganderwald.at\\\/cs\\\/#\\\/schema\\\/person\\\/1980ee778093d472e8351ad11c78bf99\",\"name\":\"Hannes\",\"image\":{\"@type\":\"ImageObject\",\"inLanguage\":\"cs\",\"@id\":\"https:\\\/\\\/secure.gravatar.com\\\/avatar\\\/cf095a334d3d2ccd954a2da8a84b251d4662cc095d99608ae2d6847083fa107d?s=96&d=mm&r=g\",\"url\":\"https:\\\/\\\/secure.gravatar.com\\\/avatar\\\/cf095a334d3d2ccd954a2da8a84b251d4662cc095d99608ae2d6847083fa107d?s=96&d=mm&r=g\",\"contentUrl\":\"https:\\\/\\\/secure.gravatar.com\\\/avatar\\\/cf095a334d3d2ccd954a2da8a84b251d4662cc095d99608ae2d6847083fa107d?s=96&d=mm&r=g\",\"caption\":\"Hannes\"},\"url\":\"https:\\\/\\\/www.campinganderwald.at\\\/cs\\\/author\\\/h-anderwald\\\/\"}]}<\/script>\n<!-- \/ Yoast SEO plugin. -->","yoast_head_json":{"title":"Korutansk\u00e1 jezern\u00ed smy\u010dka - jedna z legend\u00e1rn\u00edch cyklotras v Evrop\u011b (podle Lo - Camping Anderwald","robots":{"index":"index","follow":"follow","max-snippet":"max-snippet:-1","max-image-preview":"max-image-preview:large","max-video-preview":"max-video-preview:-1"},"canonical":"https:\/\/www.campinganderwald.at\/cs\/korutanska-jezerni-smycka-jedna-z-legendarnich-cyklotras-v-evrope-podle-lo\/","og_locale":"cs_CZ","og_type":"article","og_title":"Korutansk\u00e1 jezern\u00ed smy\u010dka - jedna z legend\u00e1rn\u00edch cyklotras v Evrop\u011b (podle Lo - Camping Anderwald","og_description":"Korutansk\u00e1 jezern\u00ed smy\u010dka se dostala do seznamu legend\u00e1rn\u00edch cyklotras Conley Planet. Cyklotrasa je dlouh\u00e1 v\u00edce ne\u017e 400 kilometr\u016f a vede po etap\u00e1ch pod\u00e9l 20 nejkr\u00e1sn\u011bj\u0161\u00edch korutansk\u00fdch jezer, samoz\u0159ejm\u011b v\u010detn\u011b kempu Anderwald u jezera Faak. Na t\u00e9to trase m\u00e1te pocit, \u017ee 50 procent trasy jedete pod\u00e9l vody. Bu\u010f pod\u00e9l \u010detn\u00fdch zn\u00e1m\u00fdch korutansk\u00fdch jezer, nebo pod\u00e9l b\u0159eh\u016f [&hellip;]","og_url":"https:\/\/www.campinganderwald.at\/cs\/korutanska-jezerni-smycka-jedna-z-legendarnich-cyklotras-v-evrope-podle-lo\/","og_site_name":"Camping Anderwald","article_published_time":"2024-12-29T22:23:41+00:00","article_modified_time":"2024-12-29T22:45:05+00:00","og_image":[{"width":2560,"height":1707,"url":"https:\/\/www.campinganderwald.at\/wp-content\/uploads\/2024\/01\/Basecamp-Anderwald-46-2-scaled.jpg","type":"image\/jpeg"}],"author":"Hannes","twitter_card":"summary_large_image","twitter_misc":{"Napsal(a)":"Hannes","Odhadovan\u00e1 doba \u010dten\u00ed":"1 minuta"},"schema":{"@context":"https:\/\/schema.org","@graph":[{"@type":"Article","@id":"https:\/\/www.campinganderwald.at\/cs\/korutanska-jezerni-smycka-jedna-z-legendarnich-cyklotras-v-evrope-podle-lo\/#article","isPartOf":{"@id":"https:\/\/www.campinganderwald.at\/cs\/korutanska-jezerni-smycka-jedna-z-legendarnich-cyklotras-v-evrope-podle-lo\/"},"author":{"name":"Hannes","@id":"https:\/\/www.campinganderwald.at\/cs\/#\/schema\/person\/1980ee778093d472e8351ad11c78bf99"},"headline":"Korutansk\u00e1 jezern\u00ed smy\u010dka &#8211; jedna z legend\u00e1rn\u00edch cyklotras v Evrop\u011b (podle Lo","datePublished":"2024-12-29T22:23:41+00:00","dateModified":"2024-12-29T22:45:05+00:00","mainEntityOfPage":{"@id":"https:\/\/www.campinganderwald.at\/cs\/korutanska-jezerni-smycka-jedna-z-legendarnich-cyklotras-v-evrope-podle-lo\/"},"wordCount":159,"commentCount":0,"publisher":{"@id":"https:\/\/www.campinganderwald.at\/cs\/#organization"},"image":{"@id":"https:\/\/www.campinganderwald.at\/cs\/korutanska-jezerni-smycka-jedna-z-legendarnich-cyklotras-v-evrope-podle-lo\/#primaryimage"},"thumbnailUrl":"https:\/\/www.campinganderwald.at\/wp-content\/uploads\/2024\/01\/Basecamp-Anderwald-46-2-scaled.jpg","articleSection":["Uncategorized @cs"],"inLanguage":"cs","potentialAction":[{"@type":"CommentAction","name":"Comment","target":["https:\/\/www.campinganderwald.at\/cs\/korutanska-jezerni-smycka-jedna-z-legendarnich-cyklotras-v-evrope-podle-lo\/#respond"]}]},{"@type":"WebPage","@id":"https:\/\/www.campinganderwald.at\/cs\/korutanska-jezerni-smycka-jedna-z-legendarnich-cyklotras-v-evrope-podle-lo\/","url":"https:\/\/www.campinganderwald.at\/cs\/korutanska-jezerni-smycka-jedna-z-legendarnich-cyklotras-v-evrope-podle-lo\/","name":"Korutansk\u00e1 jezern\u00ed smy\u010dka - jedna z legend\u00e1rn\u00edch cyklotras v Evrop\u011b (podle Lo - Camping Anderwald","isPartOf":{"@id":"https:\/\/www.campinganderwald.at\/cs\/#website"},"primaryImageOfPage":{"@id":"https:\/\/www.campinganderwald.at\/cs\/korutanska-jezerni-smycka-jedna-z-legendarnich-cyklotras-v-evrope-podle-lo\/#primaryimage"},"image":{"@id":"https:\/\/www.campinganderwald.at\/cs\/korutanska-jezerni-smycka-jedna-z-legendarnich-cyklotras-v-evrope-podle-lo\/#primaryimage"},"thumbnailUrl":"https:\/\/www.campinganderwald.at\/wp-content\/uploads\/2024\/01\/Basecamp-Anderwald-46-2-scaled.jpg","datePublished":"2024-12-29T22:23:41+00:00","dateModified":"2024-12-29T22:45:05+00:00","breadcrumb":{"@id":"https:\/\/www.campinganderwald.at\/cs\/korutanska-jezerni-smycka-jedna-z-legendarnich-cyklotras-v-evrope-podle-lo\/#breadcrumb"},"inLanguage":"cs","potentialAction":[{"@type":"ReadAction","target":["https:\/\/www.campinganderwald.at\/cs\/korutanska-jezerni-smycka-jedna-z-legendarnich-cyklotras-v-evrope-podle-lo\/"]}]},{"@type":"ImageObject","inLanguage":"cs","@id":"https:\/\/www.campinganderwald.at\/cs\/korutanska-jezerni-smycka-jedna-z-legendarnich-cyklotras-v-evrope-podle-lo\/#primaryimage","url":"https:\/\/www.campinganderwald.at\/wp-content\/uploads\/2024\/01\/Basecamp-Anderwald-46-2-scaled.jpg","contentUrl":"https:\/\/www.campinganderwald.at\/wp-content\/uploads\/2024\/01\/Basecamp-Anderwald-46-2-scaled.jpg","width":2560,"height":1707},{"@type":"BreadcrumbList","@id":"https:\/\/www.campinganderwald.at\/cs\/korutanska-jezerni-smycka-jedna-z-legendarnich-cyklotras-v-evrope-podle-lo\/#breadcrumb","itemListElement":[{"@type":"ListItem","position":1,"name":"Startseite","item":"https:\/\/www.campinganderwald.at\/cs\/"},{"@type":"ListItem","position":2,"name":"Korutansk\u00e1 jezern\u00ed smy\u010dka &#8211; jedna z legend\u00e1rn\u00edch cyklotras v Evrop\u011b (podle Lo"}]},{"@type":"WebSite","@id":"https:\/\/www.campinganderwald.at\/cs\/#website","url":"https:\/\/www.campinganderwald.at\/cs\/","name":"Camping Anderwald","description":"Unser Campingplatz liegt direkt am Faaker See in K\u00e4rnten, eingebettet in die traumhafte Kulisse der das gesamte Gebiet umgebenden Karawanken. Der Faaker See ist nicht nur der s\u00fcdlichste Badesee K\u00e4rntens, er ist auch einer der...","publisher":{"@id":"https:\/\/www.campinganderwald.at\/cs\/#organization"},"potentialAction":[{"@type":"SearchAction","target":{"@type":"EntryPoint","urlTemplate":"https:\/\/www.campinganderwald.at\/cs\/?s={search_term_string}"},"query-input":{"@type":"PropertyValueSpecification","valueRequired":true,"valueName":"search_term_string"}}],"inLanguage":"cs"},{"@type":"Organization","@id":"https:\/\/www.campinganderwald.at\/cs\/#organization","name":"Camping Anderwald","url":"https:\/\/www.campinganderwald.at\/cs\/","logo":{"@type":"ImageObject","inLanguage":"cs","@id":"https:\/\/www.campinganderwald.at\/cs\/#\/schema\/logo\/image\/","url":"https:\/\/www.campinganderwald.at\/wp-content\/uploads\/2022\/01\/campingAnderwald-logo.svg","contentUrl":"https:\/\/www.campinganderwald.at\/wp-content\/uploads\/2022\/01\/campingAnderwald-logo.svg","caption":"Camping Anderwald"},"image":{"@id":"https:\/\/www.campinganderwald.at\/cs\/#\/schema\/logo\/image\/"}},{"@type":"Person","@id":"https:\/\/www.campinganderwald.at\/cs\/#\/schema\/person\/1980ee778093d472e8351ad11c78bf99","name":"Hannes","image":{"@type":"ImageObject","inLanguage":"cs","@id":"https:\/\/secure.gravatar.com\/avatar\/cf095a334d3d2ccd954a2da8a84b251d4662cc095d99608ae2d6847083fa107d?s=96&d=mm&r=g","url":"https:\/\/secure.gravatar.com\/avatar\/cf095a334d3d2ccd954a2da8a84b251d4662cc095d99608ae2d6847083fa107d?s=96&d=mm&r=g","contentUrl":"https:\/\/secure.gravatar.com\/avatar\/cf095a334d3d2ccd954a2da8a84b251d4662cc095d99608ae2d6847083fa107d?s=96&d=mm&r=g","caption":"Hannes"},"url":"https:\/\/www.campinganderwald.at\/cs\/author\/h-anderwald\/"}]}},"_links":{"self":[{"href":"https:\/\/www.campinganderwald.at\/cs\/wp-json\/wp\/v2\/posts\/12995","targetHints":{"allow":["GET"]}}],"collection":[{"href":"https:\/\/www.campinganderwald.at\/cs\/wp-json\/wp\/v2\/posts"}],"about":[{"href":"https:\/\/www.campinganderwald.at\/cs\/wp-json\/wp\/v2\/types\/post"}],"author":[{"embeddable":true,"href":"https:\/\/www.campinganderwald.at\/cs\/wp-json\/wp\/v2\/users\/4"}],"replies":[{"embeddable":true,"href":"https:\/\/www.campinganderwald.at\/cs\/wp-json\/wp\/v2\/comments?post=12995"}],"version-history":[{"count":2,"href":"https:\/\/www.campinganderwald.at\/cs\/wp-json\/wp\/v2\/posts\/12995\/revisions"}],"predecessor-version":[{"id":13007,"href":"https:\/\/www.campinganderwald.at\/cs\/wp-json\/wp\/v2\/posts\/12995\/revisions\/13007"}],"wp:featuredmedia":[{"embeddable":true,"href":"https:\/\/www.campinganderwald.at\/cs\/wp-json\/wp\/v2\/media\/11682"}],"wp:attachment":[{"href":"https:\/\/www.campinganderwald.at\/cs\/wp-json\/wp\/v2\/media?parent=12995"}],"wp:term":[{"taxonomy":"category","embeddable":true,"href":"https:\/\/www.campinganderwald.at\/cs\/wp-json\/wp\/v2\/categories?post=12995"},{"taxonomy":"post_tag","embeddable":true,"href":"https:\/\/www.campinganderwald.at\/cs\/wp-json\/wp\/v2\/tags?post=12995"}],"curies":[{"name":"wp","href":"https:\/\/api.w.org\/{rel}","templated":true}]}}