{"id":14056,"date":"2025-12-31T18:04:11","date_gmt":"2025-12-31T17:04:11","guid":{"rendered":"https:\/\/www.campinganderwald.at\/momenty-2025\/"},"modified":"2026-01-01T03:41:04","modified_gmt":"2026-01-01T02:41:04","slug":"momenty-2025","status":"publish","type":"post","link":"https:\/\/www.campinganderwald.at\/cs\/momenty-2025\/","title":{"rendered":"Momenty 2025"},"content":{"rendered":"\t\t<div data-elementor-type=\"wp-post\" data-elementor-id=\"14056\" class=\"elementor elementor-14056 elementor-14037\" data-elementor-post-type=\"post\">\n\t\t\t\t\t\t<section class=\"elementor-section elementor-top-section elementor-element elementor-element-2e5699cd elementor-section-boxed elementor-section-height-default elementor-section-height-default qodef-elementor-content-no\" data-id=\"2e5699cd\" data-element_type=\"section\" data-e-type=\"section\">\n\t\t\t\t\t\t<div class=\"elementor-container elementor-column-gap-default\">\n\t\t\t\t\t<div class=\"elementor-column elementor-col-100 elementor-top-column elementor-element elementor-element-402f2193\" data-id=\"402f2193\" data-element_type=\"column\" data-e-type=\"column\">\n\t\t\t<div class=\"elementor-widget-wrap elementor-element-populated\">\n\t\t\t\t\t\t<div class=\"elementor-element elementor-element-89102a0 elementor-widget elementor-widget-qi_addons_for_elementor_dual_image_with_content\" data-id=\"89102a0\" data-element_type=\"widget\" data-e-type=\"widget\" data-widget_type=\"qi_addons_for_elementor_dual_image_with_content.default\">\n\t\t\t\t<div class=\"elementor-widget-container\">\n\t\t\t\t\t<div class=\"qodef-shortcode qodef-m qodef-qi-dual-image-with-content qodef--content-left qodef-decoration--italic qodef-link--underline-draw qodef-qi--has-appear\">\n\t<div class=\"qodef-dual-content\">\n\t\t<div class=\"qodef-m-inner-content\">\n\t\t\t\t<h2 class=\"qodef-m-title\">\n\t\tZp\u011btn\u00e9 zrc\u00e1tko\t<\/h2>\n\t\t\t\t<p class=\"qodef-m-text\">Zde je na\u0161e recenze - bez hodnocen\u00ed, ale se spoustou vzpom\u00ednek na rok 2025.<\/p>\n\t\t<\/div>\n\t\t<div class=\"qodef-m-inner-bottom\">\n\t\t\t\t\t<\/div>\n\t<\/div>\n\t<div class=\"qodef-image-holder\">\n\t\t<div class=\"qodef-m-main-image\">\n\t<img fetchpriority=\"high\" decoding=\"async\" width=\"1300\" height=\"650\" src=\"https:\/\/www.campinganderwald.at\/wp-content\/uploads\/2025\/12\/230429_drone_faakersee_110-1300x650.jpg\" class=\"attachment-qi_addons_for_elementor_image_size_landscape size-qi_addons_for_elementor_image_size_landscape\" alt=\"\" \/><\/div>\n\t\t<div class=\"qodef-m-second-image\">\n\t<img decoding=\"async\" width=\"1\" height=\"1\" src=\"https:\/\/www.campinganderwald.at\/wp-content\/uploads\/2022\/01\/qi-addons-for-elementor-placeholder.png\" class=\"attachment-medium size-medium\" alt=\"\" \/><\/div>\n\t<\/div>\n<\/div>\n\t\t\t\t<\/div>\n\t\t\t\t<\/div>\n\t\t\t\t<section class=\"elementor-section elementor-inner-section elementor-element elementor-element-a2c7adf elementor-section-boxed elementor-section-height-default elementor-section-height-default qodef-elementor-content-no\" data-id=\"a2c7adf\" data-element_type=\"section\" data-e-type=\"section\">\n\t\t\t\t\t\t<div class=\"elementor-container elementor-column-gap-default\">\n\t\t\t\t\t<div class=\"elementor-column elementor-col-50 elementor-inner-column elementor-element elementor-element-da521b4\" data-id=\"da521b4\" data-element_type=\"column\" data-e-type=\"column\">\n\t\t\t<div class=\"elementor-widget-wrap elementor-element-populated\">\n\t\t\t\t\t\t<div class=\"elementor-element elementor-element-9b14b7b elementor-widget elementor-widget-qi_addons_for_elementor_dual_image_with_content\" data-id=\"9b14b7b\" data-element_type=\"widget\" data-e-type=\"widget\" data-widget_type=\"qi_addons_for_elementor_dual_image_with_content.default\">\n\t\t\t\t<div class=\"elementor-widget-container\">\n\t\t\t\t\t<div class=\"qodef-shortcode qodef-m qodef-qi-dual-image-with-content qodef--content-left qodef-decoration--italic qodef-link--underline-draw qodef-qi--has-appear\">\n\t<div class=\"qodef-dual-content\">\n\t\t<div class=\"qodef-m-inner-content\">\n\t\t\t\t<h2 class=\"qodef-m-title\">\n\t\tClemens\t<\/h2>\n\t\t\t\t<p class=\"qodef-m-text\">Za\u010d\u00edn\u00e1me dobrou zpr\u00e1vou: Clemens, n\u00e1\u0161 spr\u00e1vce pozemk\u016f se smyslem pro praktick\u00e9 v\u011bci, slo\u017eil \u0159idi\u010dsk\u00e9 zkou\u0161ky. Gratulujeme - v\u00fdborn\u011b!\n<\/p>\n\t\t<\/div>\n\t\t<div class=\"qodef-m-inner-bottom\">\n\t\t\t\t\t<\/div>\n\t<\/div>\n\t<div class=\"qodef-image-holder\">\n\t\t<div class=\"qodef-m-main-image\">\n\t<img decoding=\"async\" width=\"200\" height=\"300\" src=\"https:\/\/www.campinganderwald.at\/wp-content\/uploads\/2025\/12\/201124_baumnr_32-200x300.jpg\" class=\"attachment-medium size-medium\" alt=\"\" srcset=\"https:\/\/www.campinganderwald.at\/wp-content\/uploads\/2025\/12\/201124_baumnr_32-200x300.jpg 200w, https:\/\/www.campinganderwald.at\/wp-content\/uploads\/2025\/12\/201124_baumnr_32-683x1024.jpg 683w, https:\/\/www.campinganderwald.at\/wp-content\/uploads\/2025\/12\/201124_baumnr_32-768x1152.jpg 768w, https:\/\/www.campinganderwald.at\/wp-content\/uploads\/2025\/12\/201124_baumnr_32-1024x1536.jpg 1024w, https:\/\/www.campinganderwald.at\/wp-content\/uploads\/2025\/12\/201124_baumnr_32-1365x2048.jpg 1365w, https:\/\/www.campinganderwald.at\/wp-content\/uploads\/2025\/12\/201124_baumnr_32-scaled.jpg 1707w\" sizes=\"(max-width: 200px) 100vw, 200px\" \/><\/div>\n\t\t<div class=\"qodef-m-second-image\">\n\t<img decoding=\"async\" width=\"1\" height=\"1\" src=\"https:\/\/www.campinganderwald.at\/wp-content\/uploads\/2022\/01\/qi-addons-for-elementor-placeholder.png\" class=\"attachment-medium size-medium\" alt=\"\" \/><\/div>\n\t<\/div>\n<\/div>\n\t\t\t\t<\/div>\n\t\t\t\t<\/div>\n\t\t\t\t<div class=\"elementor-element elementor-element-55f6ef8 elementor-widget elementor-widget-text-editor\" data-id=\"55f6ef8\" data-element_type=\"widget\" data-e-type=\"widget\" data-widget_type=\"text-editor.default\">\n\t\t\t\t<div class=\"elementor-widget-container\">\n\t\t\t\t\t\t\t\t\t<h3><strong>Nominace.<\/strong><\/h3>\n\t\t\t\t\t\t\t\t<\/div>\n\t\t\t\t<\/div>\n\t\t\t\t<div class=\"elementor-element elementor-element-1fe36e0 elementor-widget elementor-widget-text-editor\" data-id=\"1fe36e0\" data-element_type=\"widget\" data-e-type=\"widget\" data-widget_type=\"text-editor.default\">\n\t\t\t\t<div class=\"elementor-widget-container\">\n\t\t\t\t\t\t\t\t\t<p>Za n\u00e1\u0161 projekt houbov\u00e9ho m\u011bsta (os\u00e1zen\u00e9 vsakovac\u00ed plochy se speci\u00e1ln\u00ed strukturou, do kter\u00e9 decentralizovan\u011b odt\u00e9k\u00e1 de\u0161\u0165ov\u00e1 voda) jsme byli nominov\u00e1ni na cenu &#8222;mein Kristall-der Faaker See Award&#8220;.<\/p>\n\t\t\t\t\t\t\t\t<\/div>\n\t\t\t\t<\/div>\n\t\t\t\t<div class=\"elementor-element elementor-element-55bd5a1 elementor-widget elementor-widget-video\" data-id=\"55bd5a1\" data-element_type=\"widget\" data-e-type=\"widget\" data-settings=\"{&quot;youtube_url&quot;:&quot;https:\\\/\\\/www.youtube.com\\\/watch?v=nI4yD-QdIHc&amp;t=2s&quot;,&quot;video_type&quot;:&quot;youtube&quot;,&quot;controls&quot;:&quot;yes&quot;}\" data-widget_type=\"video.default\">\n\t\t\t\t<div class=\"elementor-widget-container\">\n\t\t\t\t\t\t\t<div class=\"elementor-wrapper elementor-open-inline\">\n\t\t\t<div class=\"elementor-video\"><\/div>\t\t<\/div>\n\t\t\t\t\t\t<\/div>\n\t\t\t\t<\/div>\n\t\t\t\t\t<\/div>\n\t\t<\/div>\n\t\t\t\t<div class=\"elementor-column elementor-col-50 elementor-inner-column elementor-element elementor-element-c442bf5\" data-id=\"c442bf5\" data-element_type=\"column\" data-e-type=\"column\">\n\t\t\t<div class=\"elementor-widget-wrap elementor-element-populated\">\n\t\t\t\t\t\t<div class=\"elementor-element elementor-element-08ce7b7 elementor-widget elementor-widget-image\" data-id=\"08ce7b7\" data-element_type=\"widget\" data-e-type=\"widget\" data-widget_type=\"image.default\">\n\t\t\t\t<div class=\"elementor-widget-container\">\n\t\t\t\t\t\t\t\t\t\t\t\t\t\t\t<img loading=\"lazy\" decoding=\"async\" width=\"300\" height=\"300\" src=\"https:\/\/www.campinganderwald.at\/wp-content\/uploads\/2025\/03\/DREI-ROUTEN-1-300x300.png\" class=\"attachment-medium size-medium wp-image-13232\" alt=\"\" srcset=\"https:\/\/www.campinganderwald.at\/wp-content\/uploads\/2025\/03\/DREI-ROUTEN-1-300x300.png 300w, https:\/\/www.campinganderwald.at\/wp-content\/uploads\/2025\/03\/DREI-ROUTEN-1-150x150.png 150w, https:\/\/www.campinganderwald.at\/wp-content\/uploads\/2025\/03\/DREI-ROUTEN-1-768x768.png 768w, https:\/\/www.campinganderwald.at\/wp-content\/uploads\/2025\/03\/DREI-ROUTEN-1-650x650.png 650w, https:\/\/www.campinganderwald.at\/wp-content\/uploads\/2025\/03\/DREI-ROUTEN-1.png 938w\" sizes=\"(max-width: 300px) 100vw, 300px\" \/>\t\t\t\t\t\t\t\t\t\t\t\t\t\t\t<\/div>\n\t\t\t\t<\/div>\n\t\t\t\t<div class=\"elementor-element elementor-element-fb62948 elementor-widget elementor-widget-text-editor\" data-id=\"fb62948\" data-element_type=\"widget\" data-e-type=\"widget\" data-widget_type=\"text-editor.default\">\n\t\t\t\t<div class=\"elementor-widget-container\">\n\t\t\t\t\t\t\t\t\t<h4><strong>R\u016f\u017eov\u00e1 200<\/strong><\/h4>\n\t\t\t\t\t\t\t\t<\/div>\n\t\t\t\t<\/div>\n\t\t\t\t<div class=\"elementor-element elementor-element-ac7d96b elementor-widget elementor-widget-text-editor\" data-id=\"ac7d96b\" data-element_type=\"widget\" data-e-type=\"widget\" data-widget_type=\"text-editor.default\">\n\t\t\t\t<div class=\"elementor-widget-container\">\n\t\t\t\t\t\t\t\t\t<p>V \u010dervnu jsme hostili prvn\u00ed <a href=\"https:\/\/www.rosa200.at\/\"><em>Rosa 200<\/em> <\/a>se konala. N\u00e1pad &#8222;Lissi&#8220; Miklov\u00e9 &#8211; realizovan\u00fd s energi\u00ed, strukturou a v\u00e1\u0161n\u00ed. Z\u00e1vod, kter\u00fd vlastn\u011b nen\u00ed z\u00e1vodem: uvoln\u011bn\u00fd, s italskou atmosf\u00e9rou, korutansk\u00fdm n\u00e1dechem a d\u00e1vkou jezern\u00ed atmosf\u00e9ry.<\/p>\n\t\t\t\t\t\t\t\t<\/div>\n\t\t\t\t<\/div>\n\t\t\t\t<div class=\"elementor-element elementor-element-335035c elementor-widget elementor-widget-text-editor\" data-id=\"335035c\" data-element_type=\"widget\" data-e-type=\"widget\" data-widget_type=\"text-editor.default\">\n\t\t\t\t<div class=\"elementor-widget-container\">\n\t\t\t\t\t\t\t\t\t<h4><b>Vlna veder a zm\u011bna klimatu<\/b><\/h4>\n\t\t\t\t\t\t\t\t<\/div>\n\t\t\t\t<\/div>\n\t\t\t\t<div class=\"elementor-element elementor-element-07d9de2 elementor-widget elementor-widget-text-editor\" data-id=\"07d9de2\" data-element_type=\"widget\" data-e-type=\"widget\" data-widget_type=\"text-editor.default\">\n\t\t\t\t<div class=\"elementor-widget-container\">\n\t\t\t\t\t\t\t\t\t<p>Tak\u00e9 v \u010dervnu: vlna veder, kter\u00e1 byla t\u00e9m\u011b\u0159 d\u011bsiv\u00e1. N\u011bkolik dn\u00ed se teplota pohybovala nad 35 stupni, jezero Faak zaznamenalo nov\u00fd teplotn\u00ed rekord 29,5 stupn\u011b. P\u011bkn\u00e9 na koup\u00e1n\u00ed &#8211; ale je vid\u011bt, \u017ee se n\u011bco m\u011bn\u00ed.<br \/>V srpnu n\u00e1s nav\u0161t\u00edvili <a href=\"https:\/\/www.gerhardhohenwarter.at\/\"><strong>Gerhard Hohenwarter<\/strong><\/a> &#8211; horolezec, meteorolog a \u010dlov\u011bk, kter\u00fd tento v\u00fdvoj pozorn\u011b sleduje. P\u0159ed po\u010detn\u00fdm publikem uk\u00e1zal teplotn\u00ed k\u0159ivky, hovo\u0159il o zm\u011bn\u011b klimatu, such\u00fdch l\u00e9tech a o tom, \u017ee je st\u00e1le mo\u017en\u00e9 jednat &#8211; pokud nebudeme \u010dekat.<\/p>\n\t\t\t\t\t\t\t\t<\/div>\n\t\t\t\t<\/div>\n\t\t\t\t\t<\/div>\n\t\t<\/div>\n\t\t\t\t\t<\/div>\n\t\t<\/section>\n\t\t\t\t<div class=\"elementor-element elementor-element-c4b88e6 elementor-widget elementor-widget-text-editor\" data-id=\"c4b88e6\" data-element_type=\"widget\" data-e-type=\"widget\" data-widget_type=\"text-editor.default\">\n\t\t\t\t<div class=\"elementor-widget-container\">\n\t\t\t\t\t\t\t\t\t<h2><strong>Den kostela na pl\u00e1\u017ei<\/strong><\/h2>\n\t\t\t\t\t\t\t\t<\/div>\n\t\t\t\t<\/div>\n\t\t\t\t<div class=\"elementor-element elementor-element-4b35ea0 elementor-widget elementor-widget-text-editor\" data-id=\"4b35ea0\" data-element_type=\"widget\" data-e-type=\"widget\" data-widget_type=\"text-editor.default\">\n\t\t\t\t<div class=\"elementor-widget-container\">\n\t\t\t\t\t\t\t\t\t<p>V \u0159\u00edjnu jsme oslavili prvn\u00ed <em>den kostela na pl\u00e1\u017ei<\/em>. Ru\u010dn\u00ed hudba, dobr\u00e9 j\u00eddlo od Siegfrieda Payrera a uvoln\u011bn\u00e1 atmosf\u00e9ra u jezera. Bylo to skv\u011bl\u00e9 &#8211; a ur\u010dit\u011b v tom budeme pokra\u010dovat.<\/p>\n\t\t\t\t\t\t\t\t<\/div>\n\t\t\t\t<\/div>\n\t\t\t\t<div class=\"elementor-element elementor-element-f5e971e elementor-widget elementor-widget-image\" data-id=\"f5e971e\" data-element_type=\"widget\" data-e-type=\"widget\" data-widget_type=\"image.default\">\n\t\t\t\t<div class=\"elementor-widget-container\">\n\t\t\t\t\t\t\t\t\t\t\t\t\t\t\t<img loading=\"lazy\" decoding=\"async\" width=\"1024\" height=\"683\" src=\"https:\/\/www.campinganderwald.at\/wp-content\/uploads\/2025\/12\/251007_unbenannt_571-1024x683.jpg\" class=\"attachment-large size-large wp-image-14319\" alt=\"\" srcset=\"https:\/\/www.campinganderwald.at\/wp-content\/uploads\/2025\/12\/251007_unbenannt_571-1024x683.jpg 1024w, https:\/\/www.campinganderwald.at\/wp-content\/uploads\/2025\/12\/251007_unbenannt_571-300x200.jpg 300w, https:\/\/www.campinganderwald.at\/wp-content\/uploads\/2025\/12\/251007_unbenannt_571-768x512.jpg 768w, https:\/\/www.campinganderwald.at\/wp-content\/uploads\/2025\/12\/251007_unbenannt_571-1536x1024.jpg 1536w, https:\/\/www.campinganderwald.at\/wp-content\/uploads\/2025\/12\/251007_unbenannt_571-2048x1366.jpg 2048w\" sizes=\"(max-width: 1024px) 100vw, 1024px\" \/>\t\t\t\t\t\t\t\t\t\t\t\t\t\t\t<\/div>\n\t\t\t\t<\/div>\n\t\t\t\t<div class=\"elementor-element elementor-element-3ad2e6f elementor-widget elementor-widget-text-editor\" data-id=\"3ad2e6f\" data-element_type=\"widget\" data-e-type=\"widget\" data-widget_type=\"text-editor.default\">\n\t\t\t\t<div class=\"elementor-widget-container\">\n\t\t\t\t\t\t\t\t\t<h3><strong>Jable\u010dn\u00e1 \u0161\u0165\u00e1va a dal\u0161\u00ed<\/strong><\/h3>\n\t\t\t\t\t\t\t\t<\/div>\n\t\t\t\t<\/div>\n\t\t\t\t<div class=\"elementor-element elementor-element-4dd2c2d elementor-widget__width-initial elementor-widget elementor-widget-text-editor\" data-id=\"4dd2c2d\" data-element_type=\"widget\" data-e-type=\"widget\" data-widget_type=\"text-editor.default\">\n\t\t\t\t<div class=\"elementor-widget-container\">\n\t\t\t\t\t\t\t\t\t<p>Po bohat\u00e9 \u00farod\u011b jablek jsme kone\u010dn\u011b mohli op\u011bt lisovat vlastn\u00ed jable\u010dnou \u0161\u0165\u00e1vu.<\/p>\n<p><strong>Region\u00e1ln\u00ed n\u00e1kupy<\/strong><\/p>\n<p>Novinkou bylo Hansiho<strong>Zirbenlimo<\/strong> a \u010derstv\u00e1 zelenina z <a href=\"https:\/\/www.genusslandkaernten.at\/produzenten\/biohof-tonder\">ekologick\u00e9 farmy Tonder<\/a>.  <\/p>\n<p>Na\u0161e restaurace z\u016fst\u00e1v\u00e1 v\u011brn\u00e1 sv\u00e9 linii: nakupujeme v okruhu p\u0159ibli\u017en\u011b 200 kilometr\u016f. To zaji\u0161\u0165uje kr\u00e1tk\u00e9 vzd\u00e1lenosti a \u010derstv\u00e9 suroviny.<\/p>\n\t\t\t\t\t\t\t\t<\/div>\n\t\t\t\t<\/div>\n\t\t\t\t<div class=\"elementor-element elementor-element-bda3a50 elementor-widget elementor-widget-text-editor\" data-id=\"bda3a50\" data-element_type=\"widget\" data-e-type=\"widget\" data-widget_type=\"text-editor.default\">\n\t\t\t\t<div class=\"elementor-widget-container\">\n\t\t\t\t\t\t\t\t\t<h3><strong>Certifikace \u00d6ZIV<\/strong><\/h3>\n\t\t\t\t\t\t\t\t<\/div>\n\t\t\t\t<\/div>\n\t\t\t\t<div class=\"elementor-element elementor-element-95d46ac elementor-widget elementor-widget-text-editor\" data-id=\"95d46ac\" data-element_type=\"widget\" data-e-type=\"widget\" data-widget_type=\"text-editor.default\">\n\t\t\t\t<div class=\"elementor-widget-container\">\n\t\t\t\t\t\t\t\t\t<p>Obnoven\u00e1 <strong>certifikace \u00d6ZIV<\/strong> n\u00e1s t\u011b\u0161\u00ed &#8211; bezbari\u00e9rovost je pro n\u00e1s prost\u011b jej\u00ed sou\u010d\u00e1st\u00ed. A mimochodem, vzniklo p\u0159i tom mnoho kr\u00e1sn\u00fdch fotografi\u00ed.<\/p>\n\t\t\t\t\t\t\t\t<\/div>\n\t\t\t\t<\/div>\n\t\t\t\t<div class=\"elementor-element elementor-element-91f499f elementor-widget elementor-widget-gallery\" data-id=\"91f499f\" data-element_type=\"widget\" data-e-type=\"widget\" data-settings=\"{&quot;lazyload&quot;:&quot;yes&quot;,&quot;gallery_layout&quot;:&quot;grid&quot;,&quot;columns&quot;:4,&quot;columns_tablet&quot;:2,&quot;columns_mobile&quot;:1,&quot;gap&quot;:{&quot;unit&quot;:&quot;px&quot;,&quot;size&quot;:10,&quot;sizes&quot;:[]},&quot;gap_tablet&quot;:{&quot;unit&quot;:&quot;px&quot;,&quot;size&quot;:10,&quot;sizes&quot;:[]},&quot;gap_mobile&quot;:{&quot;unit&quot;:&quot;px&quot;,&quot;size&quot;:10,&quot;sizes&quot;:[]},&quot;link_to&quot;:&quot;file&quot;,&quot;aspect_ratio&quot;:&quot;3:2&quot;,&quot;overlay_background&quot;:&quot;yes&quot;,&quot;content_hover_animation&quot;:&quot;fade-in&quot;}\" data-widget_type=\"gallery.default\">\n\t\t\t\t<div class=\"elementor-widget-container\">\n\t\t\t\t\t\t\t<div class=\"elementor-gallery__container\">\n\t\t\t\t\t\t\t<a class=\"e-gallery-item elementor-gallery-item elementor-animated-content\" href=\"https:\/\/www.campinganderwald.at\/wp-content\/uploads\/2025\/11\/Stabentheiner_CampingAnderwald-133-scaled.jpg\" data-elementor-open-lightbox=\"yes\" data-elementor-lightbox-slideshow=\"91f499f\" data-elementor-lightbox-title=\"default\" data-e-action-hash=\"#elementor-action%3Aaction%3Dlightbox%26settings%3DeyJpZCI6MTM3OTMsInVybCI6Imh0dHBzOlwvXC93d3cuY2FtcGluZ2FuZGVyd2FsZC5hdFwvd3AtY29udGVudFwvdXBsb2Fkc1wvMjAyNVwvMTFcL1N0YWJlbnRoZWluZXJfQ2FtcGluZ0FuZGVyd2FsZC0xMzMtc2NhbGVkLmpwZyIsInNsaWRlc2hvdyI6IjkxZjQ5OWYifQ%3D%3D\">\n\t\t\t\t\t<div class=\"e-gallery-image elementor-gallery-item__image\" data-thumbnail=\"https:\/\/www.campinganderwald.at\/wp-content\/uploads\/2025\/11\/Stabentheiner_CampingAnderwald-133-300x200.jpg\" data-width=\"300\" data-height=\"200\" aria-label=\"Faaker See Insel by Michael Stabentheiner\" role=\"img\" ><\/div>\n\t\t\t\t\t\t\t\t\t\t\t<div class=\"elementor-gallery-item__overlay\"><\/div>\n\t\t\t\t\t\t\t\t\t\t\t\t\t\t<\/a>\n\t\t\t\t\t\t\t<a class=\"e-gallery-item elementor-gallery-item elementor-animated-content\" href=\"https:\/\/www.campinganderwald.at\/wp-content\/uploads\/2025\/12\/Stabentheiner_CampingAnderwald-118-scaled.jpg\" data-elementor-open-lightbox=\"yes\" data-elementor-lightbox-slideshow=\"91f499f\" data-elementor-lightbox-title=\"Stabentheiner_CampingAnderwald-118\" data-e-action-hash=\"#elementor-action%3Aaction%3Dlightbox%26settings%3DeyJpZCI6MTM4NDIsInVybCI6Imh0dHBzOlwvXC93d3cuY2FtcGluZ2FuZGVyd2FsZC5hdFwvd3AtY29udGVudFwvdXBsb2Fkc1wvMjAyNVwvMTJcL1N0YWJlbnRoZWluZXJfQ2FtcGluZ0FuZGVyd2FsZC0xMTgtc2NhbGVkLmpwZyIsInNsaWRlc2hvdyI6IjkxZjQ5OWYifQ%3D%3D\">\n\t\t\t\t\t<div class=\"e-gallery-image elementor-gallery-item__image\" data-thumbnail=\"https:\/\/www.campinganderwald.at\/wp-content\/uploads\/2025\/12\/Stabentheiner_CampingAnderwald-118-200x300.jpg\" data-width=\"200\" data-height=\"300\" aria-label=\"\" role=\"img\" ><\/div>\n\t\t\t\t\t\t\t\t\t\t\t<div class=\"elementor-gallery-item__overlay\"><\/div>\n\t\t\t\t\t\t\t\t\t\t\t\t\t\t<\/a>\n\t\t\t\t\t\t\t<a class=\"e-gallery-item elementor-gallery-item elementor-animated-content\" href=\"https:\/\/www.campinganderwald.at\/wp-content\/uploads\/2025\/12\/Stabentheiner_CampingAnderwald-102-scaled.jpg\" data-elementor-open-lightbox=\"yes\" data-elementor-lightbox-slideshow=\"91f499f\" data-elementor-lightbox-title=\"Stabentheiner_CampingAnderwald-102\" data-e-action-hash=\"#elementor-action%3Aaction%3Dlightbox%26settings%3DeyJpZCI6MTQwNzEsInVybCI6Imh0dHBzOlwvXC93d3cuY2FtcGluZ2FuZGVyd2FsZC5hdFwvd3AtY29udGVudFwvdXBsb2Fkc1wvMjAyNVwvMTJcL1N0YWJlbnRoZWluZXJfQ2FtcGluZ0FuZGVyd2FsZC0xMDItc2NhbGVkLmpwZyIsInNsaWRlc2hvdyI6IjkxZjQ5OWYifQ%3D%3D\">\n\t\t\t\t\t<div class=\"e-gallery-image elementor-gallery-item__image\" data-thumbnail=\"https:\/\/www.campinganderwald.at\/wp-content\/uploads\/2025\/12\/Stabentheiner_CampingAnderwald-102-300x200.jpg\" data-width=\"300\" data-height=\"200\" aria-label=\"\" role=\"img\" ><\/div>\n\t\t\t\t\t\t\t\t\t\t\t<div class=\"elementor-gallery-item__overlay\"><\/div>\n\t\t\t\t\t\t\t\t\t\t\t\t\t\t<\/a>\n\t\t\t\t\t\t\t<a class=\"e-gallery-item elementor-gallery-item elementor-animated-content\" href=\"https:\/\/www.campinganderwald.at\/wp-content\/uploads\/2025\/12\/Stabentheiner_CampingAnderwald-116-scaled.jpg\" data-elementor-open-lightbox=\"yes\" data-elementor-lightbox-slideshow=\"91f499f\" data-elementor-lightbox-title=\"Stabentheiner_CampingAnderwald-116\" data-e-action-hash=\"#elementor-action%3Aaction%3Dlightbox%26settings%3DeyJpZCI6MTQxNTUsInVybCI6Imh0dHBzOlwvXC93d3cuY2FtcGluZ2FuZGVyd2FsZC5hdFwvd3AtY29udGVudFwvdXBsb2Fkc1wvMjAyNVwvMTJcL1N0YWJlbnRoZWluZXJfQ2FtcGluZ0FuZGVyd2FsZC0xMTYtc2NhbGVkLmpwZyIsInNsaWRlc2hvdyI6IjkxZjQ5OWYifQ%3D%3D\">\n\t\t\t\t\t<div class=\"e-gallery-image elementor-gallery-item__image\" data-thumbnail=\"https:\/\/www.campinganderwald.at\/wp-content\/uploads\/2025\/12\/Stabentheiner_CampingAnderwald-116-300x200.jpg\" data-width=\"300\" data-height=\"200\" aria-label=\"\" role=\"img\" ><\/div>\n\t\t\t\t\t\t\t\t\t\t\t<div class=\"elementor-gallery-item__overlay\"><\/div>\n\t\t\t\t\t\t\t\t\t\t\t\t\t\t<\/a>\n\t\t\t\t\t\t\t<a class=\"e-gallery-item elementor-gallery-item elementor-animated-content\" href=\"https:\/\/www.campinganderwald.at\/wp-content\/uploads\/2025\/12\/Stabentheiner_CampingAnderwald-123-scaled.jpg\" data-elementor-open-lightbox=\"yes\" data-elementor-lightbox-slideshow=\"91f499f\" data-elementor-lightbox-title=\"default\" data-e-action-hash=\"#elementor-action%3Aaction%3Dlightbox%26settings%3DeyJpZCI6MTQxOTcsInVybCI6Imh0dHBzOlwvXC93d3cuY2FtcGluZ2FuZGVyd2FsZC5hdFwvd3AtY29udGVudFwvdXBsb2Fkc1wvMjAyNVwvMTJcL1N0YWJlbnRoZWluZXJfQ2FtcGluZ0FuZGVyd2FsZC0xMjMtc2NhbGVkLmpwZyIsInNsaWRlc2hvdyI6IjkxZjQ5OWYifQ%3D%3D\">\n\t\t\t\t\t<div class=\"e-gallery-image elementor-gallery-item__image\" data-thumbnail=\"https:\/\/www.campinganderwald.at\/wp-content\/uploads\/2025\/12\/Stabentheiner_CampingAnderwald-123-300x200.jpg\" data-width=\"300\" data-height=\"200\" aria-label=\"\" role=\"img\" ><\/div>\n\t\t\t\t\t\t\t\t\t\t\t<div class=\"elementor-gallery-item__overlay\"><\/div>\n\t\t\t\t\t\t\t\t\t\t\t\t\t\t<\/a>\n\t\t\t\t\t\t\t<a class=\"e-gallery-item elementor-gallery-item elementor-animated-content\" href=\"https:\/\/www.campinganderwald.at\/wp-content\/uploads\/2025\/12\/Stabentheiner_CampingAnderwald-129-scaled.jpg\" data-elementor-open-lightbox=\"yes\" data-elementor-lightbox-slideshow=\"91f499f\" data-elementor-lightbox-title=\"default\" data-e-action-hash=\"#elementor-action%3Aaction%3Dlightbox%26settings%3DeyJpZCI6MTQyMzMsInVybCI6Imh0dHBzOlwvXC93d3cuY2FtcGluZ2FuZGVyd2FsZC5hdFwvd3AtY29udGVudFwvdXBsb2Fkc1wvMjAyNVwvMTJcL1N0YWJlbnRoZWluZXJfQ2FtcGluZ0FuZGVyd2FsZC0xMjktc2NhbGVkLmpwZyIsInNsaWRlc2hvdyI6IjkxZjQ5OWYifQ%3D%3D\">\n\t\t\t\t\t<div class=\"e-gallery-image elementor-gallery-item__image\" data-thumbnail=\"https:\/\/www.campinganderwald.at\/wp-content\/uploads\/2025\/12\/Stabentheiner_CampingAnderwald-129-200x300.jpg\" data-width=\"200\" data-height=\"300\" aria-label=\"\" role=\"img\" ><\/div>\n\t\t\t\t\t\t\t\t\t\t\t<div class=\"elementor-gallery-item__overlay\"><\/div>\n\t\t\t\t\t\t\t\t\t\t\t\t\t\t<\/a>\n\t\t\t\t\t\t\t<a class=\"e-gallery-item elementor-gallery-item elementor-animated-content\" href=\"https:\/\/www.campinganderwald.at\/wp-content\/uploads\/2025\/12\/Stabentheiner_CampingAnderwald-133-scaled.jpg\" data-elementor-open-lightbox=\"yes\" data-elementor-lightbox-slideshow=\"91f499f\" data-elementor-lightbox-title=\"default\" data-e-action-hash=\"#elementor-action%3Aaction%3Dlightbox%26settings%3DeyJpZCI6MTQyNTcsInVybCI6Imh0dHBzOlwvXC93d3cuY2FtcGluZ2FuZGVyd2FsZC5hdFwvd3AtY29udGVudFwvdXBsb2Fkc1wvMjAyNVwvMTJcL1N0YWJlbnRoZWluZXJfQ2FtcGluZ0FuZGVyd2FsZC0xMzMtc2NhbGVkLmpwZyIsInNsaWRlc2hvdyI6IjkxZjQ5OWYifQ%3D%3D\">\n\t\t\t\t\t<div class=\"e-gallery-image elementor-gallery-item__image\" data-thumbnail=\"https:\/\/www.campinganderwald.at\/wp-content\/uploads\/2025\/12\/Stabentheiner_CampingAnderwald-133-300x200.jpg\" data-width=\"300\" data-height=\"200\" aria-label=\"\" role=\"img\" ><\/div>\n\t\t\t\t\t\t\t\t\t\t\t<div class=\"elementor-gallery-item__overlay\"><\/div>\n\t\t\t\t\t\t\t\t\t\t\t\t\t\t<\/a>\n\t\t\t\t\t\t\t<a class=\"e-gallery-item elementor-gallery-item elementor-animated-content\" href=\"https:\/\/www.campinganderwald.at\/wp-content\/uploads\/2025\/12\/Stabentheiner_CampingAnderwald-104-scaled.jpg\" data-elementor-open-lightbox=\"yes\" data-elementor-lightbox-slideshow=\"91f499f\" data-elementor-lightbox-title=\"Stabentheiner_CampingAnderwald-104\" data-e-action-hash=\"#elementor-action%3Aaction%3Dlightbox%26settings%3DeyJpZCI6MTQwODMsInVybCI6Imh0dHBzOlwvXC93d3cuY2FtcGluZ2FuZGVyd2FsZC5hdFwvd3AtY29udGVudFwvdXBsb2Fkc1wvMjAyNVwvMTJcL1N0YWJlbnRoZWluZXJfQ2FtcGluZ0FuZGVyd2FsZC0xMDQtc2NhbGVkLmpwZyIsInNsaWRlc2hvdyI6IjkxZjQ5OWYifQ%3D%3D\">\n\t\t\t\t\t<div class=\"e-gallery-image elementor-gallery-item__image\" data-thumbnail=\"https:\/\/www.campinganderwald.at\/wp-content\/uploads\/2025\/12\/Stabentheiner_CampingAnderwald-104-300x200.jpg\" data-width=\"300\" data-height=\"200\" aria-label=\"\" role=\"img\" ><\/div>\n\t\t\t\t\t\t\t\t\t\t\t<div class=\"elementor-gallery-item__overlay\"><\/div>\n\t\t\t\t\t\t\t\t\t\t\t\t\t\t<\/a>\n\t\t\t\t\t<\/div>\n\t\t\t\t\t<\/div>\n\t\t\t\t<\/div>\n\t\t\t\t<div class=\"elementor-element elementor-element-eeef5d2 elementor-widget elementor-widget-text-editor\" data-id=\"eeef5d2\" data-element_type=\"widget\" data-e-type=\"widget\" data-widget_type=\"text-editor.default\">\n\t\t\t\t<div class=\"elementor-widget-container\">\n\t\t\t\t\t\t\t\t\t<h2><strong>P\u0159ep\u00e1\u017eky v kempu<\/strong>!<\/h2>\n\t\t\t\t\t\t\t\t<\/div>\n\t\t\t\t<\/div>\n\t\t\t\t<div class=\"elementor-element elementor-element-bea0c7f elementor-widget elementor-widget-text-editor\" data-id=\"bea0c7f\" data-element_type=\"widget\" data-e-type=\"widget\" data-widget_type=\"text-editor.default\">\n\t\t\t\t<div class=\"elementor-widget-container\">\n\t\t\t\t\t\t\t\t\t<p>  V z\u00e1\u0159\u00ed se v\u011bci dostaly do mezin\u00e1rodn\u00edho m\u011b\u0159\u00edtka: v r\u00e1mci <em>Evropsk\u00e9ho t\u00fddne cyklistiky<\/em> se uskute\u010dnil <a href=\"https:\/\/www.falter.at\/event\/988034\/gordon-murray-loy\"><strong>Gordon Murray Loy<\/strong><\/a> odehr\u00e1l atmosf\u00e9rick\u00fd koncert p\u0159\u00edmo na n\u00e1m\u011bst\u00ed. O n\u011bco pozd\u011bji vystoupil <strong>Danny MacAskill<\/strong>, sv\u011btozn\u00e1m\u00fd skotsk\u00fd trialov\u00fd cyklista, a to v\u010detn\u011b <em>festivalu Bucketride<\/em> v \u0159\u00ed\u010dn\u00edm lese. Dva skv\u011bl\u00e9 dny se spoustou nad\u0161en\u00ed.<\/p>\n\t\t\t\t\t\t\t\t<\/div>\n\t\t\t\t<\/div>\n\t\t\t\t<div class=\"elementor-element elementor-element-edb8e28 elementor-widget elementor-widget-text-editor\" data-id=\"edb8e28\" data-element_type=\"widget\" data-e-type=\"widget\" data-widget_type=\"text-editor.default\">\n\t\t\t\t<div class=\"elementor-widget-container\">\n\t\t\t\t\t\t\t\t\t<h1><strong>Triathlet:innen u jezera<\/strong><\/h1>\n\t\t\t\t\t\t\t\t<\/div>\n\t\t\t\t<\/div>\n\t\t\t\t<div class=\"elementor-element elementor-element-fe7a868 elementor-widget elementor-widget-gallery\" data-id=\"fe7a868\" data-element_type=\"widget\" data-e-type=\"widget\" data-settings=\"{&quot;lazyload&quot;:&quot;yes&quot;,&quot;gallery_layout&quot;:&quot;grid&quot;,&quot;columns&quot;:4,&quot;columns_tablet&quot;:2,&quot;columns_mobile&quot;:1,&quot;gap&quot;:{&quot;unit&quot;:&quot;px&quot;,&quot;size&quot;:10,&quot;sizes&quot;:[]},&quot;gap_tablet&quot;:{&quot;unit&quot;:&quot;px&quot;,&quot;size&quot;:10,&quot;sizes&quot;:[]},&quot;gap_mobile&quot;:{&quot;unit&quot;:&quot;px&quot;,&quot;size&quot;:10,&quot;sizes&quot;:[]},&quot;link_to&quot;:&quot;file&quot;,&quot;aspect_ratio&quot;:&quot;3:2&quot;,&quot;overlay_background&quot;:&quot;yes&quot;,&quot;content_hover_animation&quot;:&quot;fade-in&quot;}\" data-widget_type=\"gallery.default\">\n\t\t\t\t<div class=\"elementor-widget-container\">\n\t\t\t\t\t\t\t<div class=\"elementor-gallery__container\">\n\t\t\t\t\t\t\t<a class=\"e-gallery-item elementor-gallery-item elementor-animated-content\" href=\"https:\/\/www.campinganderwald.at\/wp-content\/uploads\/2025\/12\/160802_Kraulen_196-scaled.jpg\" data-elementor-open-lightbox=\"yes\" data-elementor-lightbox-slideshow=\"fe7a868\" data-elementor-lightbox-title=\"160802_Kraulen_196\" data-e-action-hash=\"#elementor-action%3Aaction%3Dlightbox%26settings%3DeyJpZCI6MTQyOTQsInVybCI6Imh0dHBzOlwvXC93d3cuY2FtcGluZ2FuZGVyd2FsZC5hdFwvd3AtY29udGVudFwvdXBsb2Fkc1wvMjAyNVwvMTJcLzE2MDgwMl9LcmF1bGVuXzE5Ni1zY2FsZWQuanBnIiwic2xpZGVzaG93IjoiZmU3YTg2OCJ9\">\n\t\t\t\t\t<div class=\"e-gallery-image elementor-gallery-item__image\" data-thumbnail=\"https:\/\/www.campinganderwald.at\/wp-content\/uploads\/2025\/12\/160802_Kraulen_196-300x198.jpg\" data-width=\"300\" data-height=\"198\" aria-label=\"\" role=\"img\" ><\/div>\n\t\t\t\t\t\t\t\t\t\t\t<div class=\"elementor-gallery-item__overlay\"><\/div>\n\t\t\t\t\t\t\t\t\t\t\t\t\t\t<\/a>\n\t\t\t\t\t\t\t<a class=\"e-gallery-item elementor-gallery-item elementor-animated-content\" href=\"https:\/\/www.campinganderwald.at\/wp-content\/uploads\/2025\/12\/Stabentheiner_CampingAnderwald-133-scaled.jpg\" data-elementor-open-lightbox=\"yes\" data-elementor-lightbox-slideshow=\"fe7a868\" data-elementor-lightbox-title=\"default\" data-e-action-hash=\"#elementor-action%3Aaction%3Dlightbox%26settings%3DeyJpZCI6MTQyNTcsInVybCI6Imh0dHBzOlwvXC93d3cuY2FtcGluZ2FuZGVyd2FsZC5hdFwvd3AtY29udGVudFwvdXBsb2Fkc1wvMjAyNVwvMTJcL1N0YWJlbnRoZWluZXJfQ2FtcGluZ0FuZGVyd2FsZC0xMzMtc2NhbGVkLmpwZyIsInNsaWRlc2hvdyI6ImZlN2E4NjgifQ%3D%3D\">\n\t\t\t\t\t<div class=\"e-gallery-image elementor-gallery-item__image\" data-thumbnail=\"https:\/\/www.campinganderwald.at\/wp-content\/uploads\/2025\/12\/Stabentheiner_CampingAnderwald-133-300x200.jpg\" data-width=\"300\" data-height=\"200\" aria-label=\"\" role=\"img\" ><\/div>\n\t\t\t\t\t\t\t\t\t\t\t<div class=\"elementor-gallery-item__overlay\"><\/div>\n\t\t\t\t\t\t\t\t\t\t\t\t\t\t<\/a>\n\t\t\t\t\t\t\t<a class=\"e-gallery-item elementor-gallery-item elementor-animated-content\" href=\"https:\/\/www.campinganderwald.at\/wp-content\/uploads\/2025\/03\/Gravel_Weissensee_NLW_\u00a9PeterSteiner_Mai2024_17-1-scaled.jpg\" data-elementor-open-lightbox=\"yes\" data-elementor-lightbox-slideshow=\"fe7a868\" data-elementor-lightbox-title=\"Gravelbike am Weissensee K\u00e4rnten \u00d6sterreich\" data-e-action-hash=\"#elementor-action%3Aaction%3Dlightbox%26settings%3DeyJpZCI6MTMyODQsInVybCI6Imh0dHBzOlwvXC93d3cuY2FtcGluZ2FuZGVyd2FsZC5hdFwvd3AtY29udGVudFwvdXBsb2Fkc1wvMjAyNVwvMDNcL0dyYXZlbF9XZWlzc2Vuc2VlX05MV19cdTAwYTlQZXRlclN0ZWluZXJfTWFpMjAyNF8xNy0xLXNjYWxlZC5qcGciLCJzbGlkZXNob3ciOiJmZTdhODY4In0%3D\">\n\t\t\t\t\t<div class=\"e-gallery-image elementor-gallery-item__image\" data-thumbnail=\"https:\/\/www.campinganderwald.at\/wp-content\/uploads\/2025\/03\/Gravel_Weissensee_NLW_\u00a9PeterSteiner_Mai2024_17-1-300x200.jpg\" data-width=\"300\" data-height=\"200\" aria-label=\"\" role=\"img\" ><\/div>\n\t\t\t\t\t\t\t\t\t\t\t<div class=\"elementor-gallery-item__overlay\"><\/div>\n\t\t\t\t\t\t\t\t\t\t\t\t\t\t<\/a>\n\t\t\t\t\t\t\t<a class=\"e-gallery-item elementor-gallery-item elementor-animated-content\" href=\"https:\/\/www.campinganderwald.at\/wp-content\/uploads\/2025\/12\/Hermann.jpg\" data-elementor-open-lightbox=\"yes\" data-elementor-lightbox-slideshow=\"fe7a868\" data-elementor-lightbox-title=\"Hermann\" data-e-action-hash=\"#elementor-action%3Aaction%3Dlightbox%26settings%3DeyJpZCI6MTQzMDAsInVybCI6Imh0dHBzOlwvXC93d3cuY2FtcGluZ2FuZGVyd2FsZC5hdFwvd3AtY29udGVudFwvdXBsb2Fkc1wvMjAyNVwvMTJcL0hlcm1hbm4uanBnIiwic2xpZGVzaG93IjoiZmU3YTg2OCJ9\">\n\t\t\t\t\t<div class=\"e-gallery-image elementor-gallery-item__image\" data-thumbnail=\"https:\/\/www.campinganderwald.at\/wp-content\/uploads\/2025\/12\/Hermann-300x200.jpg\" data-width=\"300\" data-height=\"200\" aria-label=\"\" role=\"img\" ><\/div>\n\t\t\t\t\t\t\t\t\t\t\t<div class=\"elementor-gallery-item__overlay\"><\/div>\n\t\t\t\t\t\t\t\t\t\t\t\t\t\t<\/a>\n\t\t\t\t\t\t\t<a class=\"e-gallery-item elementor-gallery-item elementor-animated-content\" href=\"https:\/\/www.campinganderwald.at\/wp-content\/uploads\/2025\/12\/Nachtlauf-Anderwald-aktiv-270717-OM-DSC_0326-scaled.jpg\" data-elementor-open-lightbox=\"yes\" data-elementor-lightbox-slideshow=\"fe7a868\" data-elementor-lightbox-title=\"Nachtlauf-Anderwald-aktiv-270717-OM-DSC_0326\" data-e-action-hash=\"#elementor-action%3Aaction%3Dlightbox%26settings%3DeyJpZCI6MTQzMDYsInVybCI6Imh0dHBzOlwvXC93d3cuY2FtcGluZ2FuZGVyd2FsZC5hdFwvd3AtY29udGVudFwvdXBsb2Fkc1wvMjAyNVwvMTJcL05hY2h0bGF1Zi1BbmRlcndhbGQtYWt0aXYtMjcwNzE3LU9NLURTQ18wMzI2LXNjYWxlZC5qcGciLCJzbGlkZXNob3ciOiJmZTdhODY4In0%3D\">\n\t\t\t\t\t<div class=\"e-gallery-image elementor-gallery-item__image\" data-thumbnail=\"https:\/\/www.campinganderwald.at\/wp-content\/uploads\/2025\/12\/Nachtlauf-Anderwald-aktiv-270717-OM-DSC_0326-300x200.jpg\" data-width=\"300\" data-height=\"200\" aria-label=\"\" role=\"img\" ><\/div>\n\t\t\t\t\t\t\t\t\t\t\t<div class=\"elementor-gallery-item__overlay\"><\/div>\n\t\t\t\t\t\t\t\t\t\t\t\t\t\t<\/a>\n\t\t\t\t\t\t\t<a class=\"e-gallery-item elementor-gallery-item elementor-animated-content\" href=\"https:\/\/www.campinganderwald.at\/wp-content\/uploads\/2025\/12\/Sella-Nevea466-scaled.jpg\" data-elementor-open-lightbox=\"yes\" data-elementor-lightbox-slideshow=\"fe7a868\" data-elementor-lightbox-title=\"Sella Nevea466\" data-e-action-hash=\"#elementor-action%3Aaction%3Dlightbox%26settings%3DeyJpZCI6MTQzMTIsInVybCI6Imh0dHBzOlwvXC93d3cuY2FtcGluZ2FuZGVyd2FsZC5hdFwvd3AtY29udGVudFwvdXBsb2Fkc1wvMjAyNVwvMTJcL1NlbGxhLU5ldmVhNDY2LXNjYWxlZC5qcGciLCJzbGlkZXNob3ciOiJmZTdhODY4In0%3D\">\n\t\t\t\t\t<div class=\"e-gallery-image elementor-gallery-item__image\" data-thumbnail=\"https:\/\/www.campinganderwald.at\/wp-content\/uploads\/2025\/12\/Sella-Nevea466-300x169.jpg\" data-width=\"300\" data-height=\"169\" aria-label=\"\" role=\"img\" ><\/div>\n\t\t\t\t\t\t\t\t\t\t\t<div class=\"elementor-gallery-item__overlay\"><\/div>\n\t\t\t\t\t\t\t\t\t\t\t\t\t\t<\/a>\n\t\t\t\t\t\t\t<a class=\"e-gallery-item elementor-gallery-item elementor-animated-content\" href=\"https:\/\/www.campinganderwald.at\/wp-content\/uploads\/2025\/12\/160802_Kraulen_245-scaled.jpg\" data-elementor-open-lightbox=\"yes\" data-elementor-lightbox-slideshow=\"fe7a868\" data-elementor-lightbox-title=\"160802_Kraulen_245\" data-e-action-hash=\"#elementor-action%3Aaction%3Dlightbox%26settings%3DeyJpZCI6MTQyODgsInVybCI6Imh0dHBzOlwvXC93d3cuY2FtcGluZ2FuZGVyd2FsZC5hdFwvd3AtY29udGVudFwvdXBsb2Fkc1wvMjAyNVwvMTJcLzE2MDgwMl9LcmF1bGVuXzI0NS1zY2FsZWQuanBnIiwic2xpZGVzaG93IjoiZmU3YTg2OCJ9\">\n\t\t\t\t\t<div class=\"e-gallery-image elementor-gallery-item__image\" data-thumbnail=\"https:\/\/www.campinganderwald.at\/wp-content\/uploads\/2025\/12\/160802_Kraulen_245-300x168.jpg\" data-width=\"300\" data-height=\"168\" aria-label=\"\" role=\"img\" ><\/div>\n\t\t\t\t\t\t\t\t\t\t\t<div class=\"elementor-gallery-item__overlay\"><\/div>\n\t\t\t\t\t\t\t\t\t\t\t\t\t\t<\/a>\n\t\t\t\t\t\t\t<a class=\"e-gallery-item elementor-gallery-item elementor-animated-content\" href=\"https:\/\/www.campinganderwald.at\/wp-content\/uploads\/2025\/12\/Stabentheiner_CampingAnderwald-129-scaled.jpg\" data-elementor-open-lightbox=\"yes\" data-elementor-lightbox-slideshow=\"fe7a868\" data-elementor-lightbox-title=\"default\" data-e-action-hash=\"#elementor-action%3Aaction%3Dlightbox%26settings%3DeyJpZCI6MTQyMzMsInVybCI6Imh0dHBzOlwvXC93d3cuY2FtcGluZ2FuZGVyd2FsZC5hdFwvd3AtY29udGVudFwvdXBsb2Fkc1wvMjAyNVwvMTJcL1N0YWJlbnRoZWluZXJfQ2FtcGluZ0FuZGVyd2FsZC0xMjktc2NhbGVkLmpwZyIsInNsaWRlc2hvdyI6ImZlN2E4NjgifQ%3D%3D\">\n\t\t\t\t\t<div class=\"e-gallery-image elementor-gallery-item__image\" data-thumbnail=\"https:\/\/www.campinganderwald.at\/wp-content\/uploads\/2025\/12\/Stabentheiner_CampingAnderwald-129-200x300.jpg\" data-width=\"200\" data-height=\"300\" aria-label=\"\" role=\"img\" ><\/div>\n\t\t\t\t\t\t\t\t\t\t\t<div class=\"elementor-gallery-item__overlay\"><\/div>\n\t\t\t\t\t\t\t\t\t\t\t\t\t\t<\/a>\n\t\t\t\t\t<\/div>\n\t\t\t\t\t<\/div>\n\t\t\t\t<\/div>\n\t\t\t\t<div class=\"elementor-element elementor-element-eb7de6b elementor-widget elementor-widget-text-editor\" data-id=\"eb7de6b\" data-element_type=\"widget\" data-e-type=\"widget\" data-widget_type=\"text-editor.default\">\n\t\t\t\t<div class=\"elementor-widget-container\">\n\t\t\t\t\t\t\t\t\t<p>Na\u0161e jezero z\u016fst\u00e1v\u00e1 m\u00edstem setk\u00e1v\u00e1n\u00ed triatlonov\u00fdch nad\u0161enc\u016f &#8211; v neposledn\u00ed \u0159ad\u011b d\u00edky <strong>Hermannu Aschwerovi<\/strong>, ale ur\u010dit\u011b tak\u00e9 d\u00edky dobr\u00fdm tr\u00e9ninkov\u00fdm podm\u00ednk\u00e1m v okol\u00ed. Za zm\u00ednku letos stoj\u00ed zejm\u00e9na \u00fa\u010dast <strong>Jana Pintari\u010de<\/strong> z na\u0161\u00ed kuchy\u0148sk\u00e9 crew na Ironmanu a \u00fa\u010dast dvou sv\u011b\u0159enky\u0148 z na\u0161eho programu na Ironmanu na Havaji &#8211; <strong>Maite Farin<\/strong> a <strong>Mark\u00e9ty Heuptel<\/strong>. Gratulujeme tak\u00e9 <strong>Lise Pertererov\u00e9<\/strong>, kter\u00e1 zde pravideln\u011b tr\u00e9nuje.<\/p>\n<p>2025 byla srde\u010dn\u00e1, \u017eiv\u00e1 a pln\u00e1 p\u0159\u00edb\u011bh\u016f. D\u011bkujeme v\u0161em, kte\u0159\u00ed p\u0159isp\u011bli. Na dobr\u00fd rok 2026!<\/p>\n\t\t\t\t\t\t\t\t<\/div>\n\t\t\t\t<\/div>\n\t\t\t\t\t<\/div>\n\t\t<\/div>\n\t\t\t\t\t<\/div>\n\t\t<\/section>\n\t\t\t\t<section class=\"elementor-section elementor-top-section elementor-element elementor-element-0d37e6f elementor-section-boxed elementor-section-height-default elementor-section-height-default qodef-elementor-content-no\" data-id=\"0d37e6f\" data-element_type=\"section\" data-e-type=\"section\">\n\t\t\t\t\t\t<div class=\"elementor-container elementor-column-gap-default\">\n\t\t\t\t\t<div class=\"elementor-column elementor-col-100 elementor-top-column elementor-element elementor-element-7cfb637\" data-id=\"7cfb637\" data-element_type=\"column\" data-e-type=\"column\">\n\t\t\t<div class=\"elementor-widget-wrap elementor-element-populated\">\n\t\t\t\t\t\t<div class=\"elementor-element elementor-element-d6fb550 elementor-widget elementor-widget-image\" data-id=\"d6fb550\" data-element_type=\"widget\" data-e-type=\"widget\" data-widget_type=\"image.default\">\n\t\t\t\t<div class=\"elementor-widget-container\">\n\t\t\t\t\t\t\t\t\t\t\t\t\t\t\t<img loading=\"lazy\" decoding=\"async\" width=\"1024\" height=\"575\" src=\"https:\/\/www.campinganderwald.at\/wp-content\/uploads\/2025\/12\/160802_Kraulen_245-1024x575.jpg\" class=\"attachment-large size-large wp-image-14289\" alt=\"\" srcset=\"https:\/\/www.campinganderwald.at\/wp-content\/uploads\/2025\/12\/160802_Kraulen_245-1024x575.jpg 1024w, https:\/\/www.campinganderwald.at\/wp-content\/uploads\/2025\/12\/160802_Kraulen_245-300x168.jpg 300w, https:\/\/www.campinganderwald.at\/wp-content\/uploads\/2025\/12\/160802_Kraulen_245-768x431.jpg 768w, https:\/\/www.campinganderwald.at\/wp-content\/uploads\/2025\/12\/160802_Kraulen_245-1536x863.jpg 1536w, https:\/\/www.campinganderwald.at\/wp-content\/uploads\/2025\/12\/160802_Kraulen_245-2048x1150.jpg 2048w\" sizes=\"(max-width: 1024px) 100vw, 1024px\" \/>\t\t\t\t\t\t\t\t\t\t\t\t\t\t\t<\/div>\n\t\t\t\t<\/div>\n\t\t\t\t\t<\/div>\n\t\t<\/div>\n\t\t\t\t\t<\/div>\n\t\t<\/section>\n\t\t\t\t<\/div>\n\t\t","protected":false},"excerpt":{"rendered":"<p>Zp\u011btn\u00e9 zrc\u00e1tko Zde je na\u0161e recenze &#8211; bez hodnocen\u00ed, ale se spoustou vzpom\u00ednek na rok 2025. Clemens Za\u010d\u00edn\u00e1me dobrou zpr\u00e1vou: Clemens, n\u00e1\u0161 spr\u00e1vce pozemk\u016f se smyslem pro praktick\u00e9 v\u011bci, slo\u017eil \u0159idi\u010dsk\u00e9 zkou\u0161ky. Gratulujeme &#8211; v\u00fdborn\u011b! Nominace. Za n\u00e1\u0161 projekt houbov\u00e9ho m\u011bsta (os\u00e1zen\u00e9 vsakovac\u00ed plochy se speci\u00e1ln\u00ed strukturou, do kter\u00e9 decentralizovan\u011b odt\u00e9k\u00e1 de\u0161\u0165ov\u00e1 voda) jsme byli [&hellip;]<\/p>\n","protected":false},"author":4,"featured_media":0,"comment_status":"open","ping_status":"open","sticky":false,"template":"","format":"standard","meta":{"footnotes":""},"categories":[14],"tags":[],"class_list":["post-14056","post","type-post","status-publish","format-standard","hentry","category-uncategorized-cs"],"yoast_head":"<!-- This site is optimized with the Yoast SEO plugin v27.5 - https:\/\/yoast.com\/product\/yoast-seo-wordpress\/ -->\n<title>Momenty 2025 - Camping Anderwald<\/title>\n<meta name=\"robots\" content=\"index, follow, max-snippet:-1, max-image-preview:large, max-video-preview:-1\" \/>\n<link rel=\"canonical\" href=\"https:\/\/www.campinganderwald.at\/cs\/momenty-2025\/\" \/>\n<meta property=\"og:locale\" content=\"cs_CZ\" \/>\n<meta property=\"og:type\" content=\"article\" \/>\n<meta property=\"og:title\" content=\"Momenty 2025 - Camping Anderwald\" \/>\n<meta property=\"og:description\" content=\"Zp\u011btn\u00e9 zrc\u00e1tko Zde je na\u0161e recenze &#8211; bez hodnocen\u00ed, ale se spoustou vzpom\u00ednek na rok 2025. Clemens Za\u010d\u00edn\u00e1me dobrou zpr\u00e1vou: Clemens, n\u00e1\u0161 spr\u00e1vce pozemk\u016f se smyslem pro praktick\u00e9 v\u011bci, slo\u017eil \u0159idi\u010dsk\u00e9 zkou\u0161ky. Gratulujeme &#8211; v\u00fdborn\u011b! Nominace. Za n\u00e1\u0161 projekt houbov\u00e9ho m\u011bsta (os\u00e1zen\u00e9 vsakovac\u00ed plochy se speci\u00e1ln\u00ed strukturou, do kter\u00e9 decentralizovan\u011b odt\u00e9k\u00e1 de\u0161\u0165ov\u00e1 voda) jsme byli [&hellip;]\" \/>\n<meta property=\"og:url\" content=\"https:\/\/www.campinganderwald.at\/cs\/momenty-2025\/\" \/>\n<meta property=\"og:site_name\" content=\"Camping Anderwald\" \/>\n<meta property=\"article:published_time\" content=\"2025-12-31T17:04:11+00:00\" \/>\n<meta property=\"article:modified_time\" content=\"2026-01-01T02:41:04+00:00\" \/>\n<meta property=\"og:image\" content=\"https:\/\/www.campinganderwald.at\/wp-content\/uploads\/2025\/12\/230429_drone_faakersee_110-1300x650.jpg\" \/>\n<meta name=\"author\" content=\"Hannes\" \/>\n<meta name=\"twitter:card\" content=\"summary_large_image\" \/>\n<meta name=\"twitter:label1\" content=\"Napsal(a)\" \/>\n\t<meta name=\"twitter:data1\" content=\"Hannes\" \/>\n\t<meta name=\"twitter:label2\" content=\"Odhadovan\u00e1 doba \u010dten\u00ed\" \/>\n\t<meta name=\"twitter:data2\" content=\"3 minuty\" \/>\n<script type=\"application\/ld+json\" class=\"yoast-schema-graph\">{\"@context\":\"https:\\\/\\\/schema.org\",\"@graph\":[{\"@type\":\"Article\",\"@id\":\"https:\\\/\\\/www.campinganderwald.at\\\/cs\\\/momenty-2025\\\/#article\",\"isPartOf\":{\"@id\":\"https:\\\/\\\/www.campinganderwald.at\\\/cs\\\/momenty-2025\\\/\"},\"author\":{\"name\":\"Hannes\",\"@id\":\"https:\\\/\\\/www.campinganderwald.at\\\/cs\\\/#\\\/schema\\\/person\\\/1980ee778093d472e8351ad11c78bf99\"},\"headline\":\"Momenty 2025\",\"datePublished\":\"2025-12-31T17:04:11+00:00\",\"dateModified\":\"2026-01-01T02:41:04+00:00\",\"mainEntityOfPage\":{\"@id\":\"https:\\\/\\\/www.campinganderwald.at\\\/cs\\\/momenty-2025\\\/\"},\"wordCount\":561,\"commentCount\":0,\"publisher\":{\"@id\":\"https:\\\/\\\/www.campinganderwald.at\\\/cs\\\/#organization\"},\"image\":{\"@id\":\"https:\\\/\\\/www.campinganderwald.at\\\/cs\\\/momenty-2025\\\/#primaryimage\"},\"thumbnailUrl\":\"https:\\\/\\\/www.campinganderwald.at\\\/wp-content\\\/uploads\\\/2025\\\/12\\\/230429_drone_faakersee_110-1300x650.jpg\",\"articleSection\":[\"Uncategorized @cs\"],\"inLanguage\":\"cs\",\"potentialAction\":[{\"@type\":\"CommentAction\",\"name\":\"Comment\",\"target\":[\"https:\\\/\\\/www.campinganderwald.at\\\/cs\\\/momenty-2025\\\/#respond\"]}]},{\"@type\":\"WebPage\",\"@id\":\"https:\\\/\\\/www.campinganderwald.at\\\/cs\\\/momenty-2025\\\/\",\"url\":\"https:\\\/\\\/www.campinganderwald.at\\\/cs\\\/momenty-2025\\\/\",\"name\":\"Momenty 2025 - Camping Anderwald\",\"isPartOf\":{\"@id\":\"https:\\\/\\\/www.campinganderwald.at\\\/cs\\\/#website\"},\"primaryImageOfPage\":{\"@id\":\"https:\\\/\\\/www.campinganderwald.at\\\/cs\\\/momenty-2025\\\/#primaryimage\"},\"image\":{\"@id\":\"https:\\\/\\\/www.campinganderwald.at\\\/cs\\\/momenty-2025\\\/#primaryimage\"},\"thumbnailUrl\":\"https:\\\/\\\/www.campinganderwald.at\\\/wp-content\\\/uploads\\\/2025\\\/12\\\/230429_drone_faakersee_110-1300x650.jpg\",\"datePublished\":\"2025-12-31T17:04:11+00:00\",\"dateModified\":\"2026-01-01T02:41:04+00:00\",\"breadcrumb\":{\"@id\":\"https:\\\/\\\/www.campinganderwald.at\\\/cs\\\/momenty-2025\\\/#breadcrumb\"},\"inLanguage\":\"cs\",\"potentialAction\":[{\"@type\":\"ReadAction\",\"target\":[\"https:\\\/\\\/www.campinganderwald.at\\\/cs\\\/momenty-2025\\\/\"]}]},{\"@type\":\"ImageObject\",\"inLanguage\":\"cs\",\"@id\":\"https:\\\/\\\/www.campinganderwald.at\\\/cs\\\/momenty-2025\\\/#primaryimage\",\"url\":\"https:\\\/\\\/www.campinganderwald.at\\\/wp-content\\\/uploads\\\/2025\\\/12\\\/230429_drone_faakersee_110-1300x650.jpg\",\"contentUrl\":\"https:\\\/\\\/www.campinganderwald.at\\\/wp-content\\\/uploads\\\/2025\\\/12\\\/230429_drone_faakersee_110-1300x650.jpg\"},{\"@type\":\"BreadcrumbList\",\"@id\":\"https:\\\/\\\/www.campinganderwald.at\\\/cs\\\/momenty-2025\\\/#breadcrumb\",\"itemListElement\":[{\"@type\":\"ListItem\",\"position\":1,\"name\":\"Startseite\",\"item\":\"https:\\\/\\\/www.campinganderwald.at\\\/cs\\\/\"},{\"@type\":\"ListItem\",\"position\":2,\"name\":\"Momenty 2025\"}]},{\"@type\":\"WebSite\",\"@id\":\"https:\\\/\\\/www.campinganderwald.at\\\/cs\\\/#website\",\"url\":\"https:\\\/\\\/www.campinganderwald.at\\\/cs\\\/\",\"name\":\"Camping Anderwald\",\"description\":\"Unser Campingplatz liegt direkt am Faaker See in K\u00e4rnten, eingebettet in die traumhafte Kulisse der das gesamte Gebiet umgebenden Karawanken. Der Faaker See ist nicht nur der s\u00fcdlichste Badesee K\u00e4rntens, er ist auch einer der...\",\"publisher\":{\"@id\":\"https:\\\/\\\/www.campinganderwald.at\\\/cs\\\/#organization\"},\"potentialAction\":[{\"@type\":\"SearchAction\",\"target\":{\"@type\":\"EntryPoint\",\"urlTemplate\":\"https:\\\/\\\/www.campinganderwald.at\\\/cs\\\/?s={search_term_string}\"},\"query-input\":{\"@type\":\"PropertyValueSpecification\",\"valueRequired\":true,\"valueName\":\"search_term_string\"}}],\"inLanguage\":\"cs\"},{\"@type\":\"Organization\",\"@id\":\"https:\\\/\\\/www.campinganderwald.at\\\/cs\\\/#organization\",\"name\":\"Camping Anderwald\",\"url\":\"https:\\\/\\\/www.campinganderwald.at\\\/cs\\\/\",\"logo\":{\"@type\":\"ImageObject\",\"inLanguage\":\"cs\",\"@id\":\"https:\\\/\\\/www.campinganderwald.at\\\/cs\\\/#\\\/schema\\\/logo\\\/image\\\/\",\"url\":\"https:\\\/\\\/www.campinganderwald.at\\\/wp-content\\\/uploads\\\/2022\\\/01\\\/campingAnderwald-logo.svg\",\"contentUrl\":\"https:\\\/\\\/www.campinganderwald.at\\\/wp-content\\\/uploads\\\/2022\\\/01\\\/campingAnderwald-logo.svg\",\"caption\":\"Camping Anderwald\"},\"image\":{\"@id\":\"https:\\\/\\\/www.campinganderwald.at\\\/cs\\\/#\\\/schema\\\/logo\\\/image\\\/\"}},{\"@type\":\"Person\",\"@id\":\"https:\\\/\\\/www.campinganderwald.at\\\/cs\\\/#\\\/schema\\\/person\\\/1980ee778093d472e8351ad11c78bf99\",\"name\":\"Hannes\",\"image\":{\"@type\":\"ImageObject\",\"inLanguage\":\"cs\",\"@id\":\"https:\\\/\\\/secure.gravatar.com\\\/avatar\\\/cf095a334d3d2ccd954a2da8a84b251d4662cc095d99608ae2d6847083fa107d?s=96&d=mm&r=g\",\"url\":\"https:\\\/\\\/secure.gravatar.com\\\/avatar\\\/cf095a334d3d2ccd954a2da8a84b251d4662cc095d99608ae2d6847083fa107d?s=96&d=mm&r=g\",\"contentUrl\":\"https:\\\/\\\/secure.gravatar.com\\\/avatar\\\/cf095a334d3d2ccd954a2da8a84b251d4662cc095d99608ae2d6847083fa107d?s=96&d=mm&r=g\",\"caption\":\"Hannes\"},\"url\":\"https:\\\/\\\/www.campinganderwald.at\\\/cs\\\/author\\\/h-anderwald\\\/\"}]}<\/script>\n<!-- \/ Yoast SEO plugin. -->","yoast_head_json":{"title":"Momenty 2025 - Camping Anderwald","robots":{"index":"index","follow":"follow","max-snippet":"max-snippet:-1","max-image-preview":"max-image-preview:large","max-video-preview":"max-video-preview:-1"},"canonical":"https:\/\/www.campinganderwald.at\/cs\/momenty-2025\/","og_locale":"cs_CZ","og_type":"article","og_title":"Momenty 2025 - Camping Anderwald","og_description":"Zp\u011btn\u00e9 zrc\u00e1tko Zde je na\u0161e recenze &#8211; bez hodnocen\u00ed, ale se spoustou vzpom\u00ednek na rok 2025. Clemens Za\u010d\u00edn\u00e1me dobrou zpr\u00e1vou: Clemens, n\u00e1\u0161 spr\u00e1vce pozemk\u016f se smyslem pro praktick\u00e9 v\u011bci, slo\u017eil \u0159idi\u010dsk\u00e9 zkou\u0161ky. Gratulujeme &#8211; v\u00fdborn\u011b! Nominace. Za n\u00e1\u0161 projekt houbov\u00e9ho m\u011bsta (os\u00e1zen\u00e9 vsakovac\u00ed plochy se speci\u00e1ln\u00ed strukturou, do kter\u00e9 decentralizovan\u011b odt\u00e9k\u00e1 de\u0161\u0165ov\u00e1 voda) jsme byli [&hellip;]","og_url":"https:\/\/www.campinganderwald.at\/cs\/momenty-2025\/","og_site_name":"Camping Anderwald","article_published_time":"2025-12-31T17:04:11+00:00","article_modified_time":"2026-01-01T02:41:04+00:00","og_image":[{"url":"https:\/\/www.campinganderwald.at\/wp-content\/uploads\/2025\/12\/230429_drone_faakersee_110-1300x650.jpg","type":"","width":"","height":""}],"author":"Hannes","twitter_card":"summary_large_image","twitter_misc":{"Napsal(a)":"Hannes","Odhadovan\u00e1 doba \u010dten\u00ed":"3 minuty"},"schema":{"@context":"https:\/\/schema.org","@graph":[{"@type":"Article","@id":"https:\/\/www.campinganderwald.at\/cs\/momenty-2025\/#article","isPartOf":{"@id":"https:\/\/www.campinganderwald.at\/cs\/momenty-2025\/"},"author":{"name":"Hannes","@id":"https:\/\/www.campinganderwald.at\/cs\/#\/schema\/person\/1980ee778093d472e8351ad11c78bf99"},"headline":"Momenty 2025","datePublished":"2025-12-31T17:04:11+00:00","dateModified":"2026-01-01T02:41:04+00:00","mainEntityOfPage":{"@id":"https:\/\/www.campinganderwald.at\/cs\/momenty-2025\/"},"wordCount":561,"commentCount":0,"publisher":{"@id":"https:\/\/www.campinganderwald.at\/cs\/#organization"},"image":{"@id":"https:\/\/www.campinganderwald.at\/cs\/momenty-2025\/#primaryimage"},"thumbnailUrl":"https:\/\/www.campinganderwald.at\/wp-content\/uploads\/2025\/12\/230429_drone_faakersee_110-1300x650.jpg","articleSection":["Uncategorized @cs"],"inLanguage":"cs","potentialAction":[{"@type":"CommentAction","name":"Comment","target":["https:\/\/www.campinganderwald.at\/cs\/momenty-2025\/#respond"]}]},{"@type":"WebPage","@id":"https:\/\/www.campinganderwald.at\/cs\/momenty-2025\/","url":"https:\/\/www.campinganderwald.at\/cs\/momenty-2025\/","name":"Momenty 2025 - Camping Anderwald","isPartOf":{"@id":"https:\/\/www.campinganderwald.at\/cs\/#website"},"primaryImageOfPage":{"@id":"https:\/\/www.campinganderwald.at\/cs\/momenty-2025\/#primaryimage"},"image":{"@id":"https:\/\/www.campinganderwald.at\/cs\/momenty-2025\/#primaryimage"},"thumbnailUrl":"https:\/\/www.campinganderwald.at\/wp-content\/uploads\/2025\/12\/230429_drone_faakersee_110-1300x650.jpg","datePublished":"2025-12-31T17:04:11+00:00","dateModified":"2026-01-01T02:41:04+00:00","breadcrumb":{"@id":"https:\/\/www.campinganderwald.at\/cs\/momenty-2025\/#breadcrumb"},"inLanguage":"cs","potentialAction":[{"@type":"ReadAction","target":["https:\/\/www.campinganderwald.at\/cs\/momenty-2025\/"]}]},{"@type":"ImageObject","inLanguage":"cs","@id":"https:\/\/www.campinganderwald.at\/cs\/momenty-2025\/#primaryimage","url":"https:\/\/www.campinganderwald.at\/wp-content\/uploads\/2025\/12\/230429_drone_faakersee_110-1300x650.jpg","contentUrl":"https:\/\/www.campinganderwald.at\/wp-content\/uploads\/2025\/12\/230429_drone_faakersee_110-1300x650.jpg"},{"@type":"BreadcrumbList","@id":"https:\/\/www.campinganderwald.at\/cs\/momenty-2025\/#breadcrumb","itemListElement":[{"@type":"ListItem","position":1,"name":"Startseite","item":"https:\/\/www.campinganderwald.at\/cs\/"},{"@type":"ListItem","position":2,"name":"Momenty 2025"}]},{"@type":"WebSite","@id":"https:\/\/www.campinganderwald.at\/cs\/#website","url":"https:\/\/www.campinganderwald.at\/cs\/","name":"Camping Anderwald","description":"Unser Campingplatz liegt direkt am Faaker See in K\u00e4rnten, eingebettet in die traumhafte Kulisse der das gesamte Gebiet umgebenden Karawanken. Der Faaker See ist nicht nur der s\u00fcdlichste Badesee K\u00e4rntens, er ist auch einer der...","publisher":{"@id":"https:\/\/www.campinganderwald.at\/cs\/#organization"},"potentialAction":[{"@type":"SearchAction","target":{"@type":"EntryPoint","urlTemplate":"https:\/\/www.campinganderwald.at\/cs\/?s={search_term_string}"},"query-input":{"@type":"PropertyValueSpecification","valueRequired":true,"valueName":"search_term_string"}}],"inLanguage":"cs"},{"@type":"Organization","@id":"https:\/\/www.campinganderwald.at\/cs\/#organization","name":"Camping Anderwald","url":"https:\/\/www.campinganderwald.at\/cs\/","logo":{"@type":"ImageObject","inLanguage":"cs","@id":"https:\/\/www.campinganderwald.at\/cs\/#\/schema\/logo\/image\/","url":"https:\/\/www.campinganderwald.at\/wp-content\/uploads\/2022\/01\/campingAnderwald-logo.svg","contentUrl":"https:\/\/www.campinganderwald.at\/wp-content\/uploads\/2022\/01\/campingAnderwald-logo.svg","caption":"Camping Anderwald"},"image":{"@id":"https:\/\/www.campinganderwald.at\/cs\/#\/schema\/logo\/image\/"}},{"@type":"Person","@id":"https:\/\/www.campinganderwald.at\/cs\/#\/schema\/person\/1980ee778093d472e8351ad11c78bf99","name":"Hannes","image":{"@type":"ImageObject","inLanguage":"cs","@id":"https:\/\/secure.gravatar.com\/avatar\/cf095a334d3d2ccd954a2da8a84b251d4662cc095d99608ae2d6847083fa107d?s=96&d=mm&r=g","url":"https:\/\/secure.gravatar.com\/avatar\/cf095a334d3d2ccd954a2da8a84b251d4662cc095d99608ae2d6847083fa107d?s=96&d=mm&r=g","contentUrl":"https:\/\/secure.gravatar.com\/avatar\/cf095a334d3d2ccd954a2da8a84b251d4662cc095d99608ae2d6847083fa107d?s=96&d=mm&r=g","caption":"Hannes"},"url":"https:\/\/www.campinganderwald.at\/cs\/author\/h-anderwald\/"}]}},"_links":{"self":[{"href":"https:\/\/www.campinganderwald.at\/cs\/wp-json\/wp\/v2\/posts\/14056","targetHints":{"allow":["GET"]}}],"collection":[{"href":"https:\/\/www.campinganderwald.at\/cs\/wp-json\/wp\/v2\/posts"}],"about":[{"href":"https:\/\/www.campinganderwald.at\/cs\/wp-json\/wp\/v2\/types\/post"}],"author":[{"embeddable":true,"href":"https:\/\/www.campinganderwald.at\/cs\/wp-json\/wp\/v2\/users\/4"}],"replies":[{"embeddable":true,"href":"https:\/\/www.campinganderwald.at\/cs\/wp-json\/wp\/v2\/comments?post=14056"}],"version-history":[{"count":3,"href":"https:\/\/www.campinganderwald.at\/cs\/wp-json\/wp\/v2\/posts\/14056\/revisions"}],"predecessor-version":[{"id":14386,"href":"https:\/\/www.campinganderwald.at\/cs\/wp-json\/wp\/v2\/posts\/14056\/revisions\/14386"}],"wp:attachment":[{"href":"https:\/\/www.campinganderwald.at\/cs\/wp-json\/wp\/v2\/media?parent=14056"}],"wp:term":[{"taxonomy":"category","embeddable":true,"href":"https:\/\/www.campinganderwald.at\/cs\/wp-json\/wp\/v2\/categories?post=14056"},{"taxonomy":"post_tag","embeddable":true,"href":"https:\/\/www.campinganderwald.at\/cs\/wp-json\/wp\/v2\/tags?post=14056"}],"curies":[{"name":"wp","href":"https:\/\/api.w.org\/{rel}","templated":true}]}}