{"id":10859,"date":"2023-12-31T21:28:52","date_gmt":"2023-12-31T20:28:52","guid":{"rendered":"https:\/\/www.campinganderwald.at\/2024\/"},"modified":"2023-12-31T21:32:13","modified_gmt":"2023-12-31T20:32:13","slug":"2024","status":"publish","type":"post","link":"https:\/\/www.campinganderwald.at\/da\/2024\/","title":{"rendered":"2024"},"content":{"rendered":"\t\t<div data-elementor-type=\"wp-post\" data-elementor-id=\"10859\" class=\"elementor elementor-10859 elementor-10852\" data-elementor-post-type=\"post\">\n\t\t\t\t\t\t<section class=\"elementor-section elementor-top-section elementor-element elementor-element-5dc0ff8 elementor-section-boxed elementor-section-height-default elementor-section-height-default qodef-elementor-content-no\" data-id=\"5dc0ff8\" data-element_type=\"section\" data-e-type=\"section\">\n\t\t\t\t\t\t<div class=\"elementor-container elementor-column-gap-default\">\n\t\t\t\t\t<div class=\"elementor-column elementor-col-100 elementor-top-column elementor-element elementor-element-fa78cfb\" data-id=\"fa78cfb\" data-element_type=\"column\" data-e-type=\"column\">\n\t\t\t<div class=\"elementor-widget-wrap\">\n\t\t\t\t\t\t\t<\/div>\n\t\t<\/div>\n\t\t\t\t\t<\/div>\n\t\t<\/section>\n\t\t\t\t<section class=\"elementor-section elementor-top-section elementor-element elementor-element-2711c69 elementor-section-boxed elementor-section-height-default elementor-section-height-default qodef-elementor-content-no\" data-id=\"2711c69\" data-element_type=\"section\" data-e-type=\"section\">\n\t\t\t\t\t\t<div class=\"elementor-container elementor-column-gap-default\">\n\t\t\t\t\t<div class=\"elementor-column elementor-col-100 elementor-top-column elementor-element elementor-element-6b36104\" data-id=\"6b36104\" data-element_type=\"column\" data-e-type=\"column\">\n\t\t\t<div class=\"elementor-widget-wrap elementor-element-populated\">\n\t\t\t\t\t\t<div class=\"elementor-element elementor-element-4ee2706 elementor-widget elementor-widget-text-editor\" data-id=\"4ee2706\" data-element_type=\"widget\" data-e-type=\"widget\" data-widget_type=\"text-editor.default\">\n\t\t\t\t<div class=\"elementor-widget-container\">\n\t\t\t\t\t\t\t\t\t<p>Et nyt \u00e5r &#8211; og en ny udfordring for vores familie hver dag:<\/p>\n<p>Amyotrofisk lateral sklerose &#8211; ALS<\/p>\n<p>Det er derfor, vi har gjort det til vores mission i \u00e5r at \u00f8ge bevidstheden om denne meget sj\u00e6ldne sygdom.  <\/p>\n<p>Salget af vores T-shirts (Camping Anderwald Aktiv) er derfor beregnet til at tjene et godt form\u00e5l.  <\/p>\n<p>Derfor donerer vi overskuddet fra salget af vores Camping Anderwald Aktiv T-shirts (som vi ogs\u00e5 fordobler) til foreningen <a href=\"https:\/\/www.als-info.at\/web\/\">&#8220;Forum ALS&#8221;<\/a> i \u00d8strig.  <\/p>\n<p>Det g\u00e5r s\u00e5 direkte til mennesker, der lider af amyotrofisk lateral sklerose (ALS) i form af hj\u00e6lpemidler (k\u00f8restole, plejesenge osv.).<\/p>\n<p>Vi planl\u00e6gger ogs\u00e5 en anden kampagne, som vi vil fort\u00e6lle dig om senere &#8211; stay tuned!<\/p>\n<p>Vi gl\u00e6der os allerede til den kommende s\u00e6son og til at se dig igen!<\/p>\n<p>Godt nyt\u00e5r og de bedste \u00f8nsker,<\/p>\n<p>Hannes<\/p>\n\t\t\t\t\t\t\t\t<\/div>\n\t\t\t\t<\/div>\n\t\t\t\t\t<\/div>\n\t\t<\/div>\n\t\t\t\t\t<\/div>\n\t\t<\/section>\n\t\t\t\t<\/div>\n\t\t","protected":false},"excerpt":{"rendered":"<p>Et nyt \u00e5r &#8211; og en ny udfordring for vores familie hver dag: Amyotrofisk lateral sklerose &#8211; ALS Det er derfor, vi har gjort det til vores mission i \u00e5r at \u00f8ge bevidstheden om denne meget sj\u00e6ldne sygdom. Salget af vores T-shirts (Camping Anderwald Aktiv) er derfor beregnet til at tjene et godt form\u00e5l. Derfor [&hellip;]<\/p>\n","protected":false},"author":4,"featured_media":10882,"comment_status":"open","ping_status":"open","sticky":false,"template":"","format":"standard","meta":{"footnotes":""},"categories":[15],"tags":[],"class_list":["post-10859","post","type-post","status-publish","format-standard","has-post-thumbnail","hentry","category-uncategorized-da"],"yoast_head":"<!-- This site is optimized with the Yoast SEO plugin v27.5 - https:\/\/yoast.com\/product\/yoast-seo-wordpress\/ -->\n<title>2024 - Camping Anderwald<\/title>\n<meta name=\"robots\" content=\"index, follow, max-snippet:-1, max-image-preview:large, max-video-preview:-1\" \/>\n<link rel=\"canonical\" href=\"https:\/\/www.campinganderwald.at\/da\/2024\/\" \/>\n<meta property=\"og:locale\" content=\"da_DK\" \/>\n<meta property=\"og:type\" content=\"article\" \/>\n<meta property=\"og:title\" content=\"2024 - Camping Anderwald\" \/>\n<meta property=\"og:description\" content=\"Et nyt \u00e5r &#8211; og en ny udfordring for vores familie hver dag: Amyotrofisk lateral sklerose &#8211; ALS Det er derfor, vi har gjort det til vores mission i \u00e5r at \u00f8ge bevidstheden om denne meget sj\u00e6ldne sygdom. Salget af vores T-shirts (Camping Anderwald Aktiv) er derfor beregnet til at tjene et godt form\u00e5l. Derfor [&hellip;]\" \/>\n<meta property=\"og:url\" content=\"https:\/\/www.campinganderwald.at\/da\/2024\/\" \/>\n<meta property=\"og:site_name\" content=\"Camping Anderwald\" \/>\n<meta property=\"article:published_time\" content=\"2023-12-31T20:28:52+00:00\" \/>\n<meta property=\"article:modified_time\" content=\"2023-12-31T20:32:13+00:00\" \/>\n<meta name=\"author\" content=\"Hannes\" \/>\n<meta name=\"twitter:card\" content=\"summary_large_image\" \/>\n<meta name=\"twitter:label1\" content=\"Skrevet af\" \/>\n\t<meta name=\"twitter:data1\" content=\"Hannes\" \/>\n\t<meta name=\"twitter:label2\" content=\"Estimeret l\u00e6setid\" \/>\n\t<meta name=\"twitter:data2\" content=\"1 minut\" \/>\n<script type=\"application\/ld+json\" class=\"yoast-schema-graph\">{\"@context\":\"https:\\\/\\\/schema.org\",\"@graph\":[{\"@type\":\"Article\",\"@id\":\"https:\\\/\\\/www.campinganderwald.at\\\/da\\\/2024\\\/#article\",\"isPartOf\":{\"@id\":\"https:\\\/\\\/www.campinganderwald.at\\\/da\\\/2024\\\/\"},\"author\":{\"name\":\"Hannes\",\"@id\":\"https:\\\/\\\/www.campinganderwald.at\\\/da\\\/#\\\/schema\\\/person\\\/1980ee778093d472e8351ad11c78bf99\"},\"headline\":\"2024\",\"datePublished\":\"2023-12-31T20:28:52+00:00\",\"dateModified\":\"2023-12-31T20:32:13+00:00\",\"mainEntityOfPage\":{\"@id\":\"https:\\\/\\\/www.campinganderwald.at\\\/da\\\/2024\\\/\"},\"wordCount\":143,\"commentCount\":0,\"publisher\":{\"@id\":\"https:\\\/\\\/www.campinganderwald.at\\\/da\\\/#organization\"},\"image\":{\"@id\":\"https:\\\/\\\/www.campinganderwald.at\\\/da\\\/2024\\\/#primaryimage\"},\"thumbnailUrl\":\"https:\\\/\\\/www.campinganderwald.at\\\/wp-content\\\/uploads\\\/2023\\\/12\\\/kersihund-rotated.jpg\",\"articleSection\":[\"Uncategorized @da\"],\"inLanguage\":\"da-DK\",\"potentialAction\":[{\"@type\":\"CommentAction\",\"name\":\"Comment\",\"target\":[\"https:\\\/\\\/www.campinganderwald.at\\\/da\\\/2024\\\/#respond\"]}]},{\"@type\":\"WebPage\",\"@id\":\"https:\\\/\\\/www.campinganderwald.at\\\/da\\\/2024\\\/\",\"url\":\"https:\\\/\\\/www.campinganderwald.at\\\/da\\\/2024\\\/\",\"name\":\"2024 - Camping Anderwald\",\"isPartOf\":{\"@id\":\"https:\\\/\\\/www.campinganderwald.at\\\/da\\\/#website\"},\"primaryImageOfPage\":{\"@id\":\"https:\\\/\\\/www.campinganderwald.at\\\/da\\\/2024\\\/#primaryimage\"},\"image\":{\"@id\":\"https:\\\/\\\/www.campinganderwald.at\\\/da\\\/2024\\\/#primaryimage\"},\"thumbnailUrl\":\"https:\\\/\\\/www.campinganderwald.at\\\/wp-content\\\/uploads\\\/2023\\\/12\\\/kersihund-rotated.jpg\",\"datePublished\":\"2023-12-31T20:28:52+00:00\",\"dateModified\":\"2023-12-31T20:32:13+00:00\",\"breadcrumb\":{\"@id\":\"https:\\\/\\\/www.campinganderwald.at\\\/da\\\/2024\\\/#breadcrumb\"},\"inLanguage\":\"da-DK\",\"potentialAction\":[{\"@type\":\"ReadAction\",\"target\":[\"https:\\\/\\\/www.campinganderwald.at\\\/da\\\/2024\\\/\"]}]},{\"@type\":\"ImageObject\",\"inLanguage\":\"da-DK\",\"@id\":\"https:\\\/\\\/www.campinganderwald.at\\\/da\\\/2024\\\/#primaryimage\",\"url\":\"https:\\\/\\\/www.campinganderwald.at\\\/wp-content\\\/uploads\\\/2023\\\/12\\\/kersihund-rotated.jpg\",\"contentUrl\":\"https:\\\/\\\/www.campinganderwald.at\\\/wp-content\\\/uploads\\\/2023\\\/12\\\/kersihund-rotated.jpg\",\"width\":1512,\"height\":2016},{\"@type\":\"BreadcrumbList\",\"@id\":\"https:\\\/\\\/www.campinganderwald.at\\\/da\\\/2024\\\/#breadcrumb\",\"itemListElement\":[{\"@type\":\"ListItem\",\"position\":1,\"name\":\"Startseite\",\"item\":\"https:\\\/\\\/www.campinganderwald.at\\\/da\\\/\"},{\"@type\":\"ListItem\",\"position\":2,\"name\":\"2024\"}]},{\"@type\":\"WebSite\",\"@id\":\"https:\\\/\\\/www.campinganderwald.at\\\/da\\\/#website\",\"url\":\"https:\\\/\\\/www.campinganderwald.at\\\/da\\\/\",\"name\":\"Camping Anderwald\",\"description\":\"Unser Campingplatz liegt direkt am Faaker See in K\u00e4rnten, eingebettet in die traumhafte Kulisse der das gesamte Gebiet umgebenden Karawanken. Der Faaker See ist nicht nur der s\u00fcdlichste Badesee K\u00e4rntens, er ist auch einer der...\",\"publisher\":{\"@id\":\"https:\\\/\\\/www.campinganderwald.at\\\/da\\\/#organization\"},\"potentialAction\":[{\"@type\":\"SearchAction\",\"target\":{\"@type\":\"EntryPoint\",\"urlTemplate\":\"https:\\\/\\\/www.campinganderwald.at\\\/da\\\/?s={search_term_string}\"},\"query-input\":{\"@type\":\"PropertyValueSpecification\",\"valueRequired\":true,\"valueName\":\"search_term_string\"}}],\"inLanguage\":\"da-DK\"},{\"@type\":\"Organization\",\"@id\":\"https:\\\/\\\/www.campinganderwald.at\\\/da\\\/#organization\",\"name\":\"Camping Anderwald\",\"url\":\"https:\\\/\\\/www.campinganderwald.at\\\/da\\\/\",\"logo\":{\"@type\":\"ImageObject\",\"inLanguage\":\"da-DK\",\"@id\":\"https:\\\/\\\/www.campinganderwald.at\\\/da\\\/#\\\/schema\\\/logo\\\/image\\\/\",\"url\":\"https:\\\/\\\/www.campinganderwald.at\\\/wp-content\\\/uploads\\\/2022\\\/01\\\/campingAnderwald-logo.svg\",\"contentUrl\":\"https:\\\/\\\/www.campinganderwald.at\\\/wp-content\\\/uploads\\\/2022\\\/01\\\/campingAnderwald-logo.svg\",\"caption\":\"Camping Anderwald\"},\"image\":{\"@id\":\"https:\\\/\\\/www.campinganderwald.at\\\/da\\\/#\\\/schema\\\/logo\\\/image\\\/\"}},{\"@type\":\"Person\",\"@id\":\"https:\\\/\\\/www.campinganderwald.at\\\/da\\\/#\\\/schema\\\/person\\\/1980ee778093d472e8351ad11c78bf99\",\"name\":\"Hannes\",\"image\":{\"@type\":\"ImageObject\",\"inLanguage\":\"da-DK\",\"@id\":\"https:\\\/\\\/secure.gravatar.com\\\/avatar\\\/cf095a334d3d2ccd954a2da8a84b251d4662cc095d99608ae2d6847083fa107d?s=96&d=mm&r=g\",\"url\":\"https:\\\/\\\/secure.gravatar.com\\\/avatar\\\/cf095a334d3d2ccd954a2da8a84b251d4662cc095d99608ae2d6847083fa107d?s=96&d=mm&r=g\",\"contentUrl\":\"https:\\\/\\\/secure.gravatar.com\\\/avatar\\\/cf095a334d3d2ccd954a2da8a84b251d4662cc095d99608ae2d6847083fa107d?s=96&d=mm&r=g\",\"caption\":\"Hannes\"},\"url\":\"https:\\\/\\\/www.campinganderwald.at\\\/da\\\/author\\\/h-anderwald\\\/\"}]}<\/script>\n<!-- \/ Yoast SEO plugin. -->","yoast_head_json":{"title":"2024 - Camping Anderwald","robots":{"index":"index","follow":"follow","max-snippet":"max-snippet:-1","max-image-preview":"max-image-preview:large","max-video-preview":"max-video-preview:-1"},"canonical":"https:\/\/www.campinganderwald.at\/da\/2024\/","og_locale":"da_DK","og_type":"article","og_title":"2024 - Camping Anderwald","og_description":"Et nyt \u00e5r &#8211; og en ny udfordring for vores familie hver dag: Amyotrofisk lateral sklerose &#8211; ALS Det er derfor, vi har gjort det til vores mission i \u00e5r at \u00f8ge bevidstheden om denne meget sj\u00e6ldne sygdom. Salget af vores T-shirts (Camping Anderwald Aktiv) er derfor beregnet til at tjene et godt form\u00e5l. Derfor [&hellip;]","og_url":"https:\/\/www.campinganderwald.at\/da\/2024\/","og_site_name":"Camping Anderwald","article_published_time":"2023-12-31T20:28:52+00:00","article_modified_time":"2023-12-31T20:32:13+00:00","author":"Hannes","twitter_card":"summary_large_image","twitter_misc":{"Skrevet af":"Hannes","Estimeret l\u00e6setid":"1 minut"},"schema":{"@context":"https:\/\/schema.org","@graph":[{"@type":"Article","@id":"https:\/\/www.campinganderwald.at\/da\/2024\/#article","isPartOf":{"@id":"https:\/\/www.campinganderwald.at\/da\/2024\/"},"author":{"name":"Hannes","@id":"https:\/\/www.campinganderwald.at\/da\/#\/schema\/person\/1980ee778093d472e8351ad11c78bf99"},"headline":"2024","datePublished":"2023-12-31T20:28:52+00:00","dateModified":"2023-12-31T20:32:13+00:00","mainEntityOfPage":{"@id":"https:\/\/www.campinganderwald.at\/da\/2024\/"},"wordCount":143,"commentCount":0,"publisher":{"@id":"https:\/\/www.campinganderwald.at\/da\/#organization"},"image":{"@id":"https:\/\/www.campinganderwald.at\/da\/2024\/#primaryimage"},"thumbnailUrl":"https:\/\/www.campinganderwald.at\/wp-content\/uploads\/2023\/12\/kersihund-rotated.jpg","articleSection":["Uncategorized @da"],"inLanguage":"da-DK","potentialAction":[{"@type":"CommentAction","name":"Comment","target":["https:\/\/www.campinganderwald.at\/da\/2024\/#respond"]}]},{"@type":"WebPage","@id":"https:\/\/www.campinganderwald.at\/da\/2024\/","url":"https:\/\/www.campinganderwald.at\/da\/2024\/","name":"2024 - Camping Anderwald","isPartOf":{"@id":"https:\/\/www.campinganderwald.at\/da\/#website"},"primaryImageOfPage":{"@id":"https:\/\/www.campinganderwald.at\/da\/2024\/#primaryimage"},"image":{"@id":"https:\/\/www.campinganderwald.at\/da\/2024\/#primaryimage"},"thumbnailUrl":"https:\/\/www.campinganderwald.at\/wp-content\/uploads\/2023\/12\/kersihund-rotated.jpg","datePublished":"2023-12-31T20:28:52+00:00","dateModified":"2023-12-31T20:32:13+00:00","breadcrumb":{"@id":"https:\/\/www.campinganderwald.at\/da\/2024\/#breadcrumb"},"inLanguage":"da-DK","potentialAction":[{"@type":"ReadAction","target":["https:\/\/www.campinganderwald.at\/da\/2024\/"]}]},{"@type":"ImageObject","inLanguage":"da-DK","@id":"https:\/\/www.campinganderwald.at\/da\/2024\/#primaryimage","url":"https:\/\/www.campinganderwald.at\/wp-content\/uploads\/2023\/12\/kersihund-rotated.jpg","contentUrl":"https:\/\/www.campinganderwald.at\/wp-content\/uploads\/2023\/12\/kersihund-rotated.jpg","width":1512,"height":2016},{"@type":"BreadcrumbList","@id":"https:\/\/www.campinganderwald.at\/da\/2024\/#breadcrumb","itemListElement":[{"@type":"ListItem","position":1,"name":"Startseite","item":"https:\/\/www.campinganderwald.at\/da\/"},{"@type":"ListItem","position":2,"name":"2024"}]},{"@type":"WebSite","@id":"https:\/\/www.campinganderwald.at\/da\/#website","url":"https:\/\/www.campinganderwald.at\/da\/","name":"Camping Anderwald","description":"Unser Campingplatz liegt direkt am Faaker See in K\u00e4rnten, eingebettet in die traumhafte Kulisse der das gesamte Gebiet umgebenden Karawanken. Der Faaker See ist nicht nur der s\u00fcdlichste Badesee K\u00e4rntens, er ist auch einer der...","publisher":{"@id":"https:\/\/www.campinganderwald.at\/da\/#organization"},"potentialAction":[{"@type":"SearchAction","target":{"@type":"EntryPoint","urlTemplate":"https:\/\/www.campinganderwald.at\/da\/?s={search_term_string}"},"query-input":{"@type":"PropertyValueSpecification","valueRequired":true,"valueName":"search_term_string"}}],"inLanguage":"da-DK"},{"@type":"Organization","@id":"https:\/\/www.campinganderwald.at\/da\/#organization","name":"Camping Anderwald","url":"https:\/\/www.campinganderwald.at\/da\/","logo":{"@type":"ImageObject","inLanguage":"da-DK","@id":"https:\/\/www.campinganderwald.at\/da\/#\/schema\/logo\/image\/","url":"https:\/\/www.campinganderwald.at\/wp-content\/uploads\/2022\/01\/campingAnderwald-logo.svg","contentUrl":"https:\/\/www.campinganderwald.at\/wp-content\/uploads\/2022\/01\/campingAnderwald-logo.svg","caption":"Camping Anderwald"},"image":{"@id":"https:\/\/www.campinganderwald.at\/da\/#\/schema\/logo\/image\/"}},{"@type":"Person","@id":"https:\/\/www.campinganderwald.at\/da\/#\/schema\/person\/1980ee778093d472e8351ad11c78bf99","name":"Hannes","image":{"@type":"ImageObject","inLanguage":"da-DK","@id":"https:\/\/secure.gravatar.com\/avatar\/cf095a334d3d2ccd954a2da8a84b251d4662cc095d99608ae2d6847083fa107d?s=96&d=mm&r=g","url":"https:\/\/secure.gravatar.com\/avatar\/cf095a334d3d2ccd954a2da8a84b251d4662cc095d99608ae2d6847083fa107d?s=96&d=mm&r=g","contentUrl":"https:\/\/secure.gravatar.com\/avatar\/cf095a334d3d2ccd954a2da8a84b251d4662cc095d99608ae2d6847083fa107d?s=96&d=mm&r=g","caption":"Hannes"},"url":"https:\/\/www.campinganderwald.at\/da\/author\/h-anderwald\/"}]}},"_links":{"self":[{"href":"https:\/\/www.campinganderwald.at\/da\/wp-json\/wp\/v2\/posts\/10859","targetHints":{"allow":["GET"]}}],"collection":[{"href":"https:\/\/www.campinganderwald.at\/da\/wp-json\/wp\/v2\/posts"}],"about":[{"href":"https:\/\/www.campinganderwald.at\/da\/wp-json\/wp\/v2\/types\/post"}],"author":[{"embeddable":true,"href":"https:\/\/www.campinganderwald.at\/da\/wp-json\/wp\/v2\/users\/4"}],"replies":[{"embeddable":true,"href":"https:\/\/www.campinganderwald.at\/da\/wp-json\/wp\/v2\/comments?post=10859"}],"version-history":[{"count":2,"href":"https:\/\/www.campinganderwald.at\/da\/wp-json\/wp\/v2\/posts\/10859\/revisions"}],"predecessor-version":[{"id":10872,"href":"https:\/\/www.campinganderwald.at\/da\/wp-json\/wp\/v2\/posts\/10859\/revisions\/10872"}],"wp:featuredmedia":[{"embeddable":true,"href":"https:\/\/www.campinganderwald.at\/da\/wp-json\/wp\/v2\/media\/10882"}],"wp:attachment":[{"href":"https:\/\/www.campinganderwald.at\/da\/wp-json\/wp\/v2\/media?parent=10859"}],"wp:term":[{"taxonomy":"category","embeddable":true,"href":"https:\/\/www.campinganderwald.at\/da\/wp-json\/wp\/v2\/categories?post=10859"},{"taxonomy":"post_tag","embeddable":true,"href":"https:\/\/www.campinganderwald.at\/da\/wp-json\/wp\/v2\/tags?post=10859"}],"curies":[{"name":"wp","href":"https:\/\/api.w.org\/{rel}","templated":true}]}}