{"id":3483,"date":"2021-12-31T16:18:20","date_gmt":"2021-12-31T15:18:20","guid":{"rendered":"https:\/\/www.campinganderwald.at\/vi-fejrer-vores-70-aars-jubilaeum-i-aar\/"},"modified":"2022-03-17T21:33:00","modified_gmt":"2022-03-17T20:33:00","slug":"vi-fejrer-vores-70-aars-jubilaeum-i-aar","status":"publish","type":"post","link":"https:\/\/www.campinganderwald.at\/da\/vi-fejrer-vores-70-aars-jubilaeum-i-aar\/","title":{"rendered":"Vi fejrer vores 70 \u00e5rs jubil\u00e6um i \u00e5r."},"content":{"rendered":"\n<p>Med campingpladsen er det ligesom med mig selv &#8211; for jeg ved aldrig pr\u00e6cis, hvor gammel jeg er \ud83d\ude09 &#8211; I hvert fald fejrer vi i 2022 70 \u00e5rs Camping Anderwald. For p\u00e5 et tidspunkt i begyndelsen af 50&#8217;erne startede min bedstefar Johann Anderwald det i Uferwald ved s\u00f8en Faaker See, i den s\u00e5kaldte &#8220;jungle&#8221;, for at skabe et idyllisk sted for rejsende.<\/p>\n\n<figure class=\"wp-block-gallery columns-2 is-cropped wp-block-gallery-1 is-layout-flex wp-block-gallery-is-layout-flex\"><ul class=\"blocks-gallery-grid\"><li class=\"blocks-gallery-item\"><figure><img fetchpriority=\"high\" decoding=\"async\" width=\"1200\" height=\"848\" src=\"https:\/\/www.campinganderwald.at\/wp-content\/uploads\/2022\/01\/61d0df592ce5c_o.jpg\" alt=\"\" data-id=\"1259\" data-full-url=\"https:\/\/www.campinganderwald.at\/wp-content\/uploads\/2022\/01\/61d0df592ce5c_o.jpg\" data-link=\"https:\/\/www.campinganderwald.at\/wir-feiern-heuer-unser-70-jahr-jubilaeum\/61d0df592ce5c_o\/\" class=\"wp-image-1259\" srcset=\"https:\/\/www.campinganderwald.at\/wp-content\/uploads\/2022\/01\/61d0df592ce5c_o.jpg 1200w, https:\/\/www.campinganderwald.at\/wp-content\/uploads\/2022\/01\/61d0df592ce5c_o-300x212.jpg 300w, https:\/\/www.campinganderwald.at\/wp-content\/uploads\/2022\/01\/61d0df592ce5c_o-1024x724.jpg 1024w, https:\/\/www.campinganderwald.at\/wp-content\/uploads\/2022\/01\/61d0df592ce5c_o-768x543.jpg 768w\" sizes=\"(max-width: 1200px) 100vw, 1200px\" \/><\/figure><\/li><li class=\"blocks-gallery-item\"><figure><img decoding=\"async\" width=\"1000\" height=\"690\" src=\"https:\/\/www.campinganderwald.at\/wp-content\/uploads\/2022\/01\/4b26409e82193_o.jpg\" alt=\"\" data-id=\"1258\" data-full-url=\"https:\/\/www.campinganderwald.at\/wp-content\/uploads\/2022\/01\/4b26409e82193_o.jpg\" data-link=\"https:\/\/www.campinganderwald.at\/wir-feiern-heuer-unser-70-jahr-jubilaeum\/4b26409e82193_o\/\" class=\"wp-image-1258\" srcset=\"https:\/\/www.campinganderwald.at\/wp-content\/uploads\/2022\/01\/4b26409e82193_o.jpg 1000w, https:\/\/www.campinganderwald.at\/wp-content\/uploads\/2022\/01\/4b26409e82193_o-300x207.jpg 300w, https:\/\/www.campinganderwald.at\/wp-content\/uploads\/2022\/01\/4b26409e82193_o-768x530.jpg 768w\" sizes=\"(max-width: 1000px) 100vw, 1000px\" \/><figcaption class=\"blocks-gallery-item__caption\">Vores begynder i 1961 &#8211; Camping Anderwald<\/figcaption><\/figure><\/li><\/ul><\/figure>\n<p>Det er stadig min mission i dag &#8211; vi skaber et s\u00e6rligt og idyllisk sted at campere og rejse s\u00e5 sk\u00e5nsomt som muligt, med s\u00e5 meget f\u00f8lsomhed som muligt for mennesker og natur. For et \u00e5r siden sendte en af de f\u00f8rste g\u00e6ster p\u00e5 vores campingplads mig f\u00f8lgende linjer:<\/p>\n\n<p><em>Hej<\/em><br\/><em>Jeg var en af de allerf\u00f8rste bes\u00f8gende p\u00e5 Anderwald camping med mine for\u00e6ldre. Vi beskyttede den i 1952 (og senere i 55 og 59), hvor vi blev i en uge. F\u00f8rste gang der ikke engang var toilet p\u00e5 stedet, skulle vi til Gruber (en aftale) der var en kiosk og et toilet bagved, vi skulle vaske udenfor.<br\/>Herr Anderwald (sandsynligvis bedstefaren) kom p\u00e5 cykel om aftenen og sludrede med os. P\u00e5 det tidspunkt var vi kun omkring 20 telte i alt p\u00e5 de to pladser. Bjarne Hansen<\/em><\/p>\n\n<p><\/p>\n\n<figure class=\"wp-block-gallery columns-2 is-cropped wp-block-gallery-2 is-layout-flex wp-block-gallery-is-layout-flex\"><ul class=\"blocks-gallery-grid\"><li class=\"blocks-gallery-item\"><figure><img decoding=\"async\" width=\"1000\" height=\"807\" src=\"https:\/\/www.campinganderwald.at\/wp-content\/uploads\/2022\/01\/4b26409e91b89_o.jpg\" alt=\"\" data-id=\"1260\" data-full-url=\"https:\/\/www.campinganderwald.at\/wp-content\/uploads\/2022\/01\/4b26409e91b89_o.jpg\" data-link=\"https:\/\/www.campinganderwald.at\/?attachment_id=1260\" class=\"wp-image-1260\" srcset=\"https:\/\/www.campinganderwald.at\/wp-content\/uploads\/2022\/01\/4b26409e91b89_o.jpg 1000w, https:\/\/www.campinganderwald.at\/wp-content\/uploads\/2022\/01\/4b26409e91b89_o-300x242.jpg 300w, https:\/\/www.campinganderwald.at\/wp-content\/uploads\/2022\/01\/4b26409e91b89_o-768x620.jpg 768w\" sizes=\"(max-width: 1000px) 100vw, 1000px\" \/><figcaption class=\"blocks-gallery-item__caption\">minder fra dengang<\/figcaption><\/figure><\/li><li class=\"blocks-gallery-item\"><figure><img loading=\"lazy\" decoding=\"async\" width=\"1000\" height=\"705\" src=\"https:\/\/www.campinganderwald.at\/wp-content\/uploads\/2022\/01\/4b26409e86faa_o.jpg\" alt=\"\" data-id=\"1261\" data-full-url=\"https:\/\/www.campinganderwald.at\/wp-content\/uploads\/2022\/01\/4b26409e86faa_o.jpg\" data-link=\"https:\/\/www.campinganderwald.at\/?attachment_id=1261\" class=\"wp-image-1261\" srcset=\"https:\/\/www.campinganderwald.at\/wp-content\/uploads\/2022\/01\/4b26409e86faa_o.jpg 1000w, https:\/\/www.campinganderwald.at\/wp-content\/uploads\/2022\/01\/4b26409e86faa_o-300x212.jpg 300w, https:\/\/www.campinganderwald.at\/wp-content\/uploads\/2022\/01\/4b26409e86faa_o-768x541.jpg 768w\" sizes=\"(max-width: 1000px) 100vw, 1000px\" \/><figcaption class=\"blocks-gallery-item__caption\">Kyst &#8211; Camping Anderwald<\/figcaption><\/figure><\/li><\/ul><\/figure>\n<p>I dag har vi toiletter osv. nok &#8211; og heldigvis stadig mange af tr\u00e6erne, hvoraf nogle gav skygge og stemning dengang &#8211; og vi foretr\u00e6kker stadig at rejse p\u00e5 cykel ;-).<\/p>\n\n<p>Har du et billede af et af dine ophold hos os, som er vigtigt for dig? Et minde, der r\u00f8rer dig? Et billede, der betyder &#8220;Camping Anderwald&#8221; for dig? Eller et billede af dig her p\u00e5 vores campingplads? S\u00e5 send det gerne til <a href=\"https:\/\/www.campinganderwald.at\/de\/menu38\/news187\/#\">office@campinganderwald.at &#8211;<\/a> vi vil gerne s\u00e6tte en meget stor fotov\u00e6g op p\u00e5 campingpladsen&#8230;<\/p>\n\n<p><\/p>\n\n<p>Blandt alle bidrag udlodder vi s\u00e6rlige pr\u00e6mier &#8211; fra en flaske hjemmelavet til et gratis ophold p\u00e5 campingpladsen.<\/p>\n\n<p>Vi ser frem til jeres indl\u00e6g &amp; til sommeren 2022 fejrer vi 70&#8217;erne flere gange mellem april og november &#8211; med traditionel kirkedag i maj, jazzbrunch ved kanotr\u00e6ffet, cykelugen i september, Hermann Aschwers nye bogpr\u00e6sentation (hans 20. Sportsbog!!!), hvori vores campingplads<br\/>spiller en vigtig rolle for &#8220;triatlonlegenden&#8221;, guitarmusik ved b\u00e5lpladsen p\u00e5 stranden osv. &#8230;<br\/>Vi gl\u00e6der os og h\u00e5ber, at vi ogs\u00e5 vil g\u00f8re dig glad!<\/p>\n\n<p><br\/>Din Anderwalds<\/p>\n\n<div class=\"wp-block-columns is-layout-flex wp-container-core-columns-is-layout-9d6595d7 wp-block-columns-is-layout-flex\">\n<div class=\"wp-block-column is-layout-flow wp-block-column-is-layout-flow\" style=\"flex-basis:100%\">\n<div class=\"wp-block-group\"><div class=\"wp-block-group__inner-container is-layout-flow wp-block-group-is-layout-flow\">\n<div class=\"wp-block-columns is-layout-flex wp-container-core-columns-is-layout-9d6595d7 wp-block-columns-is-layout-flex\">\n<div class=\"wp-block-column is-layout-flow wp-block-column-is-layout-flow\" style=\"flex-basis:100%\">\n<figure class=\"wp-block-gallery columns-3 is-cropped wp-block-gallery-3 is-layout-flex wp-block-gallery-is-layout-flex\"><ul class=\"blocks-gallery-grid\"><li class=\"blocks-gallery-item\"><figure><img loading=\"lazy\" decoding=\"async\" width=\"1000\" height=\"705\" src=\"https:\/\/www.campinganderwald.at\/wp-content\/uploads\/2022\/01\/4b26409e86faa_o.jpg\" alt=\"\" data-id=\"1261\" data-full-url=\"https:\/\/www.campinganderwald.at\/wp-content\/uploads\/2022\/01\/4b26409e86faa_o.jpg\" data-link=\"https:\/\/www.campinganderwald.at\/?attachment_id=1261\" class=\"wp-image-1261\" srcset=\"https:\/\/www.campinganderwald.at\/wp-content\/uploads\/2022\/01\/4b26409e86faa_o.jpg 1000w, https:\/\/www.campinganderwald.at\/wp-content\/uploads\/2022\/01\/4b26409e86faa_o-300x212.jpg 300w, https:\/\/www.campinganderwald.at\/wp-content\/uploads\/2022\/01\/4b26409e86faa_o-768x541.jpg 768w\" sizes=\"(max-width: 1000px) 100vw, 1000px\" \/><\/figure><\/li><li class=\"blocks-gallery-item\"><figure><img loading=\"lazy\" decoding=\"async\" width=\"1000\" height=\"697\" src=\"https:\/\/www.campinganderwald.at\/wp-content\/uploads\/2022\/01\/4b26409e87f4a_o.jpg\" alt=\"\" data-id=\"1284\" data-full-url=\"https:\/\/www.campinganderwald.at\/wp-content\/uploads\/2022\/01\/4b26409e87f4a_o.jpg\" data-link=\"https:\/\/www.campinganderwald.at\/4b26409e87f4a_o\/\" class=\"wp-image-1284\" srcset=\"https:\/\/www.campinganderwald.at\/wp-content\/uploads\/2022\/01\/4b26409e87f4a_o.jpg 1000w, https:\/\/www.campinganderwald.at\/wp-content\/uploads\/2022\/01\/4b26409e87f4a_o-300x209.jpg 300w, https:\/\/www.campinganderwald.at\/wp-content\/uploads\/2022\/01\/4b26409e87f4a_o-768x535.jpg 768w\" sizes=\"(max-width: 1000px) 100vw, 1000px\" \/><\/figure><\/li><li class=\"blocks-gallery-item\"><figure><img loading=\"lazy\" decoding=\"async\" width=\"1000\" height=\"679\" src=\"https:\/\/www.campinganderwald.at\/wp-content\/uploads\/2022\/01\/4b26409e89e8a_o.jpg\" alt=\"\" data-id=\"1283\" data-full-url=\"https:\/\/www.campinganderwald.at\/wp-content\/uploads\/2022\/01\/4b26409e89e8a_o.jpg\" data-link=\"https:\/\/www.campinganderwald.at\/4b26409e89e8a_o\/\" class=\"wp-image-1283\" srcset=\"https:\/\/www.campinganderwald.at\/wp-content\/uploads\/2022\/01\/4b26409e89e8a_o.jpg 1000w, https:\/\/www.campinganderwald.at\/wp-content\/uploads\/2022\/01\/4b26409e89e8a_o-300x204.jpg 300w, https:\/\/www.campinganderwald.at\/wp-content\/uploads\/2022\/01\/4b26409e89e8a_o-768x521.jpg 768w\" sizes=\"(max-width: 1000px) 100vw, 1000px\" \/><\/figure><\/li><li class=\"blocks-gallery-item\"><figure><img loading=\"lazy\" decoding=\"async\" width=\"987\" height=\"990\" src=\"https:\/\/www.campinganderwald.at\/wp-content\/uploads\/2022\/01\/4b26409e8dd09_o.jpg\" alt=\"\" data-id=\"1282\" data-full-url=\"https:\/\/www.campinganderwald.at\/wp-content\/uploads\/2022\/01\/4b26409e8dd09_o.jpg\" data-link=\"https:\/\/www.campinganderwald.at\/4b26409e8dd09_o\/\" class=\"wp-image-1282\" srcset=\"https:\/\/www.campinganderwald.at\/wp-content\/uploads\/2022\/01\/4b26409e8dd09_o.jpg 987w, https:\/\/www.campinganderwald.at\/wp-content\/uploads\/2022\/01\/4b26409e8dd09_o-300x300.jpg 300w, https:\/\/www.campinganderwald.at\/wp-content\/uploads\/2022\/01\/4b26409e8dd09_o-150x150.jpg 150w, https:\/\/www.campinganderwald.at\/wp-content\/uploads\/2022\/01\/4b26409e8dd09_o-768x770.jpg 768w\" sizes=\"(max-width: 987px) 100vw, 987px\" \/><\/figure><\/li><li class=\"blocks-gallery-item\"><figure><img loading=\"lazy\" decoding=\"async\" width=\"1000\" height=\"807\" src=\"https:\/\/www.campinganderwald.at\/wp-content\/uploads\/2022\/01\/4b26409e91b89_o-1.jpg\" alt=\"\" data-id=\"1281\" data-full-url=\"https:\/\/www.campinganderwald.at\/wp-content\/uploads\/2022\/01\/4b26409e91b89_o-1.jpg\" data-link=\"https:\/\/www.campinganderwald.at\/4b26409e91b89_o-2\/\" class=\"wp-image-1281\" srcset=\"https:\/\/www.campinganderwald.at\/wp-content\/uploads\/2022\/01\/4b26409e91b89_o-1.jpg 1000w, https:\/\/www.campinganderwald.at\/wp-content\/uploads\/2022\/01\/4b26409e91b89_o-1-300x242.jpg 300w, https:\/\/www.campinganderwald.at\/wp-content\/uploads\/2022\/01\/4b26409e91b89_o-1-768x620.jpg 768w\" sizes=\"(max-width: 1000px) 100vw, 1000px\" \/><\/figure><\/li><li class=\"blocks-gallery-item\"><figure><img loading=\"lazy\" decoding=\"async\" width=\"1000\" height=\"700\" src=\"https:\/\/www.campinganderwald.at\/wp-content\/uploads\/2022\/01\/4b26409e90be9_o.jpg\" alt=\"\" data-id=\"1280\" data-full-url=\"https:\/\/www.campinganderwald.at\/wp-content\/uploads\/2022\/01\/4b26409e90be9_o.jpg\" data-link=\"https:\/\/www.campinganderwald.at\/4b26409e90be9_o\/\" class=\"wp-image-1280\" srcset=\"https:\/\/www.campinganderwald.at\/wp-content\/uploads\/2022\/01\/4b26409e90be9_o.jpg 1000w, https:\/\/www.campinganderwald.at\/wp-content\/uploads\/2022\/01\/4b26409e90be9_o-300x210.jpg 300w, https:\/\/www.campinganderwald.at\/wp-content\/uploads\/2022\/01\/4b26409e90be9_o-768x538.jpg 768w\" sizes=\"(max-width: 1000px) 100vw, 1000px\" \/><\/figure><\/li><li class=\"blocks-gallery-item\"><figure><img loading=\"lazy\" decoding=\"async\" width=\"1000\" height=\"698\" src=\"https:\/\/www.campinganderwald.at\/wp-content\/uploads\/2022\/01\/4b26409e8fc49_o.jpg\" alt=\"\" data-id=\"1279\" data-full-url=\"https:\/\/www.campinganderwald.at\/wp-content\/uploads\/2022\/01\/4b26409e8fc49_o.jpg\" data-link=\"https:\/\/www.campinganderwald.at\/4b26409e8fc49_o\/\" class=\"wp-image-1279\" srcset=\"https:\/\/www.campinganderwald.at\/wp-content\/uploads\/2022\/01\/4b26409e8fc49_o.jpg 1000w, https:\/\/www.campinganderwald.at\/wp-content\/uploads\/2022\/01\/4b26409e8fc49_o-300x209.jpg 300w, https:\/\/www.campinganderwald.at\/wp-content\/uploads\/2022\/01\/4b26409e8fc49_o-768x536.jpg 768w\" sizes=\"(max-width: 1000px) 100vw, 1000px\" \/><\/figure><\/li><li class=\"blocks-gallery-item\"><figure><img loading=\"lazy\" decoding=\"async\" width=\"1000\" height=\"719\" src=\"https:\/\/www.campinganderwald.at\/wp-content\/uploads\/2022\/01\/4b26409e92b29_o.jpg\" alt=\"\" data-id=\"1278\" data-full-url=\"https:\/\/www.campinganderwald.at\/wp-content\/uploads\/2022\/01\/4b26409e92b29_o.jpg\" data-link=\"https:\/\/www.campinganderwald.at\/4b26409e92b29_o\/\" class=\"wp-image-1278\" srcset=\"https:\/\/www.campinganderwald.at\/wp-content\/uploads\/2022\/01\/4b26409e92b29_o.jpg 1000w, https:\/\/www.campinganderwald.at\/wp-content\/uploads\/2022\/01\/4b26409e92b29_o-300x216.jpg 300w, https:\/\/www.campinganderwald.at\/wp-content\/uploads\/2022\/01\/4b26409e92b29_o-768x552.jpg 768w\" sizes=\"(max-width: 1000px) 100vw, 1000px\" \/><\/figure><\/li><li class=\"blocks-gallery-item\"><figure><img loading=\"lazy\" decoding=\"async\" width=\"1000\" height=\"694\" src=\"https:\/\/www.campinganderwald.at\/wp-content\/uploads\/2022\/01\/4b26409e996e0_o.jpg\" alt=\"\" data-id=\"1277\" data-full-url=\"https:\/\/www.campinganderwald.at\/wp-content\/uploads\/2022\/01\/4b26409e996e0_o.jpg\" data-link=\"https:\/\/www.campinganderwald.at\/4b26409e996e0_o\/\" class=\"wp-image-1277\" srcset=\"https:\/\/www.campinganderwald.at\/wp-content\/uploads\/2022\/01\/4b26409e996e0_o.jpg 1000w, https:\/\/www.campinganderwald.at\/wp-content\/uploads\/2022\/01\/4b26409e996e0_o-300x208.jpg 300w, https:\/\/www.campinganderwald.at\/wp-content\/uploads\/2022\/01\/4b26409e996e0_o-768x533.jpg 768w\" sizes=\"(max-width: 1000px) 100vw, 1000px\" \/><\/figure><\/li><li class=\"blocks-gallery-item\"><figure><img loading=\"lazy\" decoding=\"async\" width=\"1000\" height=\"702\" src=\"https:\/\/www.campinganderwald.at\/wp-content\/uploads\/2022\/01\/4b26409e8ae29_o.jpg\" alt=\"\" data-id=\"1276\" data-full-url=\"https:\/\/www.campinganderwald.at\/wp-content\/uploads\/2022\/01\/4b26409e8ae29_o.jpg\" data-link=\"https:\/\/www.campinganderwald.at\/4b26409e8ae29_o\/\" class=\"wp-image-1276\" srcset=\"https:\/\/www.campinganderwald.at\/wp-content\/uploads\/2022\/01\/4b26409e8ae29_o.jpg 1000w, https:\/\/www.campinganderwald.at\/wp-content\/uploads\/2022\/01\/4b26409e8ae29_o-300x211.jpg 300w, https:\/\/www.campinganderwald.at\/wp-content\/uploads\/2022\/01\/4b26409e8ae29_o-768x539.jpg 768w\" sizes=\"(max-width: 1000px) 100vw, 1000px\" \/><\/figure><\/li><li class=\"blocks-gallery-item\"><figure><img loading=\"lazy\" decoding=\"async\" width=\"1000\" height=\"701\" src=\"https:\/\/www.campinganderwald.at\/wp-content\/uploads\/2022\/01\/4b26409e88ee9_o.jpg\" alt=\"\" data-id=\"1275\" data-full-url=\"https:\/\/www.campinganderwald.at\/wp-content\/uploads\/2022\/01\/4b26409e88ee9_o.jpg\" data-link=\"https:\/\/www.campinganderwald.at\/4b26409e88ee9_o\/\" class=\"wp-image-1275\" srcset=\"https:\/\/www.campinganderwald.at\/wp-content\/uploads\/2022\/01\/4b26409e88ee9_o.jpg 1000w, https:\/\/www.campinganderwald.at\/wp-content\/uploads\/2022\/01\/4b26409e88ee9_o-300x210.jpg 300w, https:\/\/www.campinganderwald.at\/wp-content\/uploads\/2022\/01\/4b26409e88ee9_o-768x538.jpg 768w\" sizes=\"(max-width: 1000px) 100vw, 1000px\" \/><\/figure><\/li><li class=\"blocks-gallery-item\"><figure><img loading=\"lazy\" decoding=\"async\" width=\"1000\" height=\"594\" src=\"https:\/\/www.campinganderwald.at\/wp-content\/uploads\/2022\/01\/4b26409e8cd6a_o.jpg\" alt=\"\" data-id=\"1274\" data-full-url=\"https:\/\/www.campinganderwald.at\/wp-content\/uploads\/2022\/01\/4b26409e8cd6a_o.jpg\" data-link=\"https:\/\/www.campinganderwald.at\/4b26409e8cd6a_o\/\" class=\"wp-image-1274\" srcset=\"https:\/\/www.campinganderwald.at\/wp-content\/uploads\/2022\/01\/4b26409e8cd6a_o.jpg 1000w, https:\/\/www.campinganderwald.at\/wp-content\/uploads\/2022\/01\/4b26409e8cd6a_o-300x178.jpg 300w, https:\/\/www.campinganderwald.at\/wp-content\/uploads\/2022\/01\/4b26409e8cd6a_o-768x456.jpg 768w\" sizes=\"(max-width: 1000px) 100vw, 1000px\" \/><\/figure><\/li><li class=\"blocks-gallery-item\"><figure><img loading=\"lazy\" decoding=\"async\" width=\"1000\" height=\"693\" src=\"https:\/\/www.campinganderwald.at\/wp-content\/uploads\/2022\/01\/4b26409e969b2_o.jpg\" alt=\"\" data-id=\"1273\" data-full-url=\"https:\/\/www.campinganderwald.at\/wp-content\/uploads\/2022\/01\/4b26409e969b2_o.jpg\" data-link=\"https:\/\/www.campinganderwald.at\/4b26409e969b2_o\/\" class=\"wp-image-1273\" srcset=\"https:\/\/www.campinganderwald.at\/wp-content\/uploads\/2022\/01\/4b26409e969b2_o.jpg 1000w, https:\/\/www.campinganderwald.at\/wp-content\/uploads\/2022\/01\/4b26409e969b2_o-300x208.jpg 300w, https:\/\/www.campinganderwald.at\/wp-content\/uploads\/2022\/01\/4b26409e969b2_o-768x532.jpg 768w\" sizes=\"(max-width: 1000px) 100vw, 1000px\" \/><\/figure><\/li><li class=\"blocks-gallery-item\"><figure><img loading=\"lazy\" decoding=\"async\" width=\"1000\" height=\"694\" src=\"https:\/\/www.campinganderwald.at\/wp-content\/uploads\/2022\/01\/4b26409e97947_o.jpg\" alt=\"\" data-id=\"1272\" data-full-url=\"https:\/\/www.campinganderwald.at\/wp-content\/uploads\/2022\/01\/4b26409e97947_o.jpg\" data-link=\"https:\/\/www.campinganderwald.at\/4b26409e97947_o\/\" class=\"wp-image-1272\" srcset=\"https:\/\/www.campinganderwald.at\/wp-content\/uploads\/2022\/01\/4b26409e97947_o.jpg 1000w, https:\/\/www.campinganderwald.at\/wp-content\/uploads\/2022\/01\/4b26409e97947_o-300x208.jpg 300w, https:\/\/www.campinganderwald.at\/wp-content\/uploads\/2022\/01\/4b26409e97947_o-768x533.jpg 768w\" sizes=\"(max-width: 1000px) 100vw, 1000px\" \/><\/figure><\/li><li class=\"blocks-gallery-item\"><figure><img loading=\"lazy\" decoding=\"async\" width=\"1000\" height=\"690\" src=\"https:\/\/www.campinganderwald.at\/wp-content\/uploads\/2022\/01\/4b26409e93aca_o.jpg\" alt=\"\" data-id=\"1271\" data-full-url=\"https:\/\/www.campinganderwald.at\/wp-content\/uploads\/2022\/01\/4b26409e93aca_o.jpg\" data-link=\"https:\/\/www.campinganderwald.at\/4b26409e93aca_o\/\" class=\"wp-image-1271\" srcset=\"https:\/\/www.campinganderwald.at\/wp-content\/uploads\/2022\/01\/4b26409e93aca_o.jpg 1000w, https:\/\/www.campinganderwald.at\/wp-content\/uploads\/2022\/01\/4b26409e93aca_o-300x207.jpg 300w, https:\/\/www.campinganderwald.at\/wp-content\/uploads\/2022\/01\/4b26409e93aca_o-768x530.jpg 768w\" sizes=\"(max-width: 1000px) 100vw, 1000px\" \/><\/figure><\/li><li class=\"blocks-gallery-item\"><figure><img loading=\"lazy\" decoding=\"async\" width=\"1000\" height=\"660\" src=\"https:\/\/www.campinganderwald.at\/wp-content\/uploads\/2022\/01\/4b26409e95a0a_o.jpg\" alt=\"\" data-id=\"1270\" data-full-url=\"https:\/\/www.campinganderwald.at\/wp-content\/uploads\/2022\/01\/4b26409e95a0a_o.jpg\" data-link=\"https:\/\/www.campinganderwald.at\/4b26409e95a0a_o\/\" class=\"wp-image-1270\" srcset=\"https:\/\/www.campinganderwald.at\/wp-content\/uploads\/2022\/01\/4b26409e95a0a_o.jpg 1000w, https:\/\/www.campinganderwald.at\/wp-content\/uploads\/2022\/01\/4b26409e95a0a_o-300x198.jpg 300w, https:\/\/www.campinganderwald.at\/wp-content\/uploads\/2022\/01\/4b26409e95a0a_o-768x507.jpg 768w\" sizes=\"(max-width: 1000px) 100vw, 1000px\" \/><\/figure><\/li><li class=\"blocks-gallery-item\"><figure><img loading=\"lazy\" decoding=\"async\" width=\"1000\" height=\"713\" src=\"https:\/\/www.campinganderwald.at\/wp-content\/uploads\/2022\/01\/4b26409e8600a_o.jpg\" alt=\"\" data-id=\"1269\" data-full-url=\"https:\/\/www.campinganderwald.at\/wp-content\/uploads\/2022\/01\/4b26409e8600a_o.jpg\" data-link=\"https:\/\/www.campinganderwald.at\/4b26409e8600a_o\/\" class=\"wp-image-1269\" srcset=\"https:\/\/www.campinganderwald.at\/wp-content\/uploads\/2022\/01\/4b26409e8600a_o.jpg 1000w, https:\/\/www.campinganderwald.at\/wp-content\/uploads\/2022\/01\/4b26409e8600a_o-300x214.jpg 300w, https:\/\/www.campinganderwald.at\/wp-content\/uploads\/2022\/01\/4b26409e8600a_o-768x548.jpg 768w\" sizes=\"(max-width: 1000px) 100vw, 1000px\" \/><\/figure><\/li><li class=\"blocks-gallery-item\"><figure><img loading=\"lazy\" decoding=\"async\" width=\"1000\" height=\"702\" src=\"https:\/\/www.campinganderwald.at\/wp-content\/uploads\/2022\/01\/4b26409e8312b_o.jpg\" alt=\"\" data-id=\"1268\" data-full-url=\"https:\/\/www.campinganderwald.at\/wp-content\/uploads\/2022\/01\/4b26409e8312b_o.jpg\" data-link=\"https:\/\/www.campinganderwald.at\/4b26409e8312b_o\/\" class=\"wp-image-1268\" srcset=\"https:\/\/www.campinganderwald.at\/wp-content\/uploads\/2022\/01\/4b26409e8312b_o.jpg 1000w, https:\/\/www.campinganderwald.at\/wp-content\/uploads\/2022\/01\/4b26409e8312b_o-300x211.jpg 300w, https:\/\/www.campinganderwald.at\/wp-content\/uploads\/2022\/01\/4b26409e8312b_o-768x539.jpg 768w\" sizes=\"(max-width: 1000px) 100vw, 1000px\" \/><\/figure><\/li><li class=\"blocks-gallery-item\"><figure><img loading=\"lazy\" decoding=\"async\" width=\"1000\" height=\"705\" src=\"https:\/\/www.campinganderwald.at\/wp-content\/uploads\/2022\/01\/4b26409e86faa_o-1.jpg\" alt=\"\" data-id=\"1267\" data-full-url=\"https:\/\/www.campinganderwald.at\/wp-content\/uploads\/2022\/01\/4b26409e86faa_o-1.jpg\" data-link=\"https:\/\/www.campinganderwald.at\/4b26409e86faa_o-2\/\" class=\"wp-image-1267\" srcset=\"https:\/\/www.campinganderwald.at\/wp-content\/uploads\/2022\/01\/4b26409e86faa_o-1.jpg 1000w, https:\/\/www.campinganderwald.at\/wp-content\/uploads\/2022\/01\/4b26409e86faa_o-1-300x212.jpg 300w, https:\/\/www.campinganderwald.at\/wp-content\/uploads\/2022\/01\/4b26409e86faa_o-1-768x541.jpg 768w\" sizes=\"(max-width: 1000px) 100vw, 1000px\" \/><\/figure><\/li><li class=\"blocks-gallery-item\"><figure><img loading=\"lazy\" decoding=\"async\" width=\"921\" height=\"942\" src=\"https:\/\/www.campinganderwald.at\/wp-content\/uploads\/2022\/01\/4b26409e840cc_o.jpg\" alt=\"\" data-id=\"1266\" data-full-url=\"https:\/\/www.campinganderwald.at\/wp-content\/uploads\/2022\/01\/4b26409e840cc_o.jpg\" data-link=\"https:\/\/www.campinganderwald.at\/4b26409e840cc_o\/\" class=\"wp-image-1266\" srcset=\"https:\/\/www.campinganderwald.at\/wp-content\/uploads\/2022\/01\/4b26409e840cc_o.jpg 921w, https:\/\/www.campinganderwald.at\/wp-content\/uploads\/2022\/01\/4b26409e840cc_o-293x300.jpg 293w, https:\/\/www.campinganderwald.at\/wp-content\/uploads\/2022\/01\/4b26409e840cc_o-768x786.jpg 768w\" sizes=\"(max-width: 921px) 100vw, 921px\" \/><\/figure><\/li><li class=\"blocks-gallery-item\"><figure><img loading=\"lazy\" decoding=\"async\" width=\"720\" height=\"1000\" src=\"https:\/\/www.campinganderwald.at\/wp-content\/uploads\/2022\/01\/4b26409e8eca9_o.jpg\" alt=\"\" data-id=\"1265\" data-full-url=\"https:\/\/www.campinganderwald.at\/wp-content\/uploads\/2022\/01\/4b26409e8eca9_o.jpg\" data-link=\"https:\/\/www.campinganderwald.at\/4b26409e8eca9_o\/\" class=\"wp-image-1265\" srcset=\"https:\/\/www.campinganderwald.at\/wp-content\/uploads\/2022\/01\/4b26409e8eca9_o.jpg 720w, https:\/\/www.campinganderwald.at\/wp-content\/uploads\/2022\/01\/4b26409e8eca9_o-216x300.jpg 216w\" sizes=\"(max-width: 720px) 100vw, 720px\" \/><\/figure><\/li><li class=\"blocks-gallery-item\"><figure><img loading=\"lazy\" decoding=\"async\" width=\"1000\" height=\"732\" src=\"https:\/\/www.campinganderwald.at\/wp-content\/uploads\/2022\/01\/4b26409e85069_o.jpg\" alt=\"\" data-id=\"1264\" data-full-url=\"https:\/\/www.campinganderwald.at\/wp-content\/uploads\/2022\/01\/4b26409e85069_o.jpg\" data-link=\"https:\/\/www.campinganderwald.at\/4b26409e85069_o\/\" class=\"wp-image-1264\" srcset=\"https:\/\/www.campinganderwald.at\/wp-content\/uploads\/2022\/01\/4b26409e85069_o.jpg 1000w, https:\/\/www.campinganderwald.at\/wp-content\/uploads\/2022\/01\/4b26409e85069_o-300x220.jpg 300w, https:\/\/www.campinganderwald.at\/wp-content\/uploads\/2022\/01\/4b26409e85069_o-768x562.jpg 768w\" sizes=\"(max-width: 1000px) 100vw, 1000px\" \/><\/figure><\/li><li class=\"blocks-gallery-item\"><figure><img loading=\"lazy\" decoding=\"async\" width=\"1000\" height=\"677\" src=\"https:\/\/www.campinganderwald.at\/wp-content\/uploads\/2022\/01\/4b26409e94a69_o.jpg\" alt=\"\" data-id=\"1263\" data-full-url=\"https:\/\/www.campinganderwald.at\/wp-content\/uploads\/2022\/01\/4b26409e94a69_o.jpg\" data-link=\"https:\/\/www.campinganderwald.at\/4b26409e94a69_o\/\" class=\"wp-image-1263\" srcset=\"https:\/\/www.campinganderwald.at\/wp-content\/uploads\/2022\/01\/4b26409e94a69_o.jpg 1000w, https:\/\/www.campinganderwald.at\/wp-content\/uploads\/2022\/01\/4b26409e94a69_o-300x203.jpg 300w, https:\/\/www.campinganderwald.at\/wp-content\/uploads\/2022\/01\/4b26409e94a69_o-768x520.jpg 768w\" sizes=\"(max-width: 1000px) 100vw, 1000px\" \/><\/figure><\/li><li class=\"blocks-gallery-item\"><figure><img loading=\"lazy\" decoding=\"async\" width=\"1024\" height=\"626\" src=\"https:\/\/www.campinganderwald.at\/wp-content\/uploads\/2022\/01\/53087d555e36e_o-1024x626.jpg\" alt=\"\" data-id=\"1262\" data-full-url=\"https:\/\/www.campinganderwald.at\/wp-content\/uploads\/2022\/01\/53087d555e36e_o.jpg\" data-link=\"https:\/\/www.campinganderwald.at\/53087d555e36e_o\/\" class=\"wp-image-1262\" srcset=\"https:\/\/www.campinganderwald.at\/wp-content\/uploads\/2022\/01\/53087d555e36e_o-1024x626.jpg 1024w, https:\/\/www.campinganderwald.at\/wp-content\/uploads\/2022\/01\/53087d555e36e_o-300x184.jpg 300w, https:\/\/www.campinganderwald.at\/wp-content\/uploads\/2022\/01\/53087d555e36e_o-768x470.jpg 768w, https:\/\/www.campinganderwald.at\/wp-content\/uploads\/2022\/01\/53087d555e36e_o.jpg 1200w\" sizes=\"(max-width: 1024px) 100vw, 1024px\" \/><\/figure><\/li><\/ul><\/figure><\/div>\n<\/div>\n<\/div><\/div>\n<\/div>\n<\/div>\n","protected":false},"excerpt":{"rendered":"<p>Med campingpladsen er det ligesom med mig selv &#8211; for jeg ved aldrig pr\u00e6cis, hvor gammel jeg er \ud83d\ude09 &#8211; I hvert fald fejrer vi i 2022 70 \u00e5rs Camping Anderwald. For p\u00e5 et tidspunkt i begyndelsen af 50&#8217;erne startede min bedstefar Johann Anderwald det i Uferwald ved s\u00f8en Faaker See, i den s\u00e5kaldte &#8220;jungle&#8221;, [&hellip;]<\/p>\n","protected":false},"author":2,"featured_media":2189,"comment_status":"closed","ping_status":"open","sticky":false,"template":"","format":"standard","meta":{"footnotes":""},"categories":[45],"tags":[],"class_list":["post-3483","post","type-post","status-publish","format-standard","has-post-thumbnail","hentry","category-camping-da"],"yoast_head":"<!-- This site is optimized with the Yoast SEO plugin v27.5 - https:\/\/yoast.com\/product\/yoast-seo-wordpress\/ -->\n<title>Vi fejrer vores 70 \u00e5rs jubil\u00e6um i \u00e5r. - Camping Anderwald<\/title>\n<meta name=\"robots\" content=\"index, follow, max-snippet:-1, max-image-preview:large, max-video-preview:-1\" \/>\n<link rel=\"canonical\" href=\"https:\/\/www.campinganderwald.at\/da\/vi-fejrer-vores-70-aars-jubilaeum-i-aar\/\" \/>\n<meta property=\"og:locale\" content=\"da_DK\" \/>\n<meta property=\"og:type\" content=\"article\" \/>\n<meta property=\"og:title\" content=\"Vi fejrer vores 70 \u00e5rs jubil\u00e6um i \u00e5r. - Camping Anderwald\" \/>\n<meta property=\"og:description\" content=\"Med campingpladsen er det ligesom med mig selv &#8211; for jeg ved aldrig pr\u00e6cis, hvor gammel jeg er \ud83d\ude09 &#8211; I hvert fald fejrer vi i 2022 70 \u00e5rs Camping Anderwald. For p\u00e5 et tidspunkt i begyndelsen af 50&#8217;erne startede min bedstefar Johann Anderwald det i Uferwald ved s\u00f8en Faaker See, i den s\u00e5kaldte &#8220;jungle&#8221;, [&hellip;]\" \/>\n<meta property=\"og:url\" content=\"https:\/\/www.campinganderwald.at\/da\/vi-fejrer-vores-70-aars-jubilaeum-i-aar\/\" \/>\n<meta property=\"og:site_name\" content=\"Camping Anderwald\" \/>\n<meta property=\"article:published_time\" content=\"2021-12-31T15:18:20+00:00\" \/>\n<meta property=\"article:modified_time\" content=\"2022-03-17T20:33:00+00:00\" \/>\n<meta property=\"og:image\" content=\"https:\/\/www.campinganderwald.at\/wp-content\/uploads\/2022\/01\/4b26409e86faa_o.jpg\" \/>\n\t<meta property=\"og:image:width\" content=\"1000\" \/>\n\t<meta property=\"og:image:height\" content=\"705\" \/>\n\t<meta property=\"og:image:type\" content=\"image\/jpeg\" \/>\n<meta name=\"author\" content=\"Robin Glaeser\" \/>\n<meta name=\"twitter:card\" content=\"summary_large_image\" \/>\n<meta name=\"twitter:label1\" content=\"Skrevet af\" \/>\n\t<meta name=\"twitter:data1\" content=\"Robin Glaeser\" \/>\n\t<meta name=\"twitter:label2\" content=\"Estimeret l\u00e6setid\" \/>\n\t<meta name=\"twitter:data2\" content=\"2 minutter\" \/>\n<script type=\"application\/ld+json\" class=\"yoast-schema-graph\">{\"@context\":\"https:\\\/\\\/schema.org\",\"@graph\":[{\"@type\":\"Article\",\"@id\":\"https:\\\/\\\/www.campinganderwald.at\\\/da\\\/vi-fejrer-vores-70-aars-jubilaeum-i-aar\\\/#article\",\"isPartOf\":{\"@id\":\"https:\\\/\\\/www.campinganderwald.at\\\/da\\\/vi-fejrer-vores-70-aars-jubilaeum-i-aar\\\/\"},\"author\":{\"name\":\"Robin Glaeser\",\"@id\":\"https:\\\/\\\/www.campinganderwald.at\\\/da\\\/#\\\/schema\\\/person\\\/7dbc318ce4cf7a155331fcf77d5d73cb\"},\"headline\":\"Vi fejrer vores 70 \u00e5rs jubil\u00e6um i \u00e5r.\",\"datePublished\":\"2021-12-31T15:18:20+00:00\",\"dateModified\":\"2022-03-17T20:33:00+00:00\",\"mainEntityOfPage\":{\"@id\":\"https:\\\/\\\/www.campinganderwald.at\\\/da\\\/vi-fejrer-vores-70-aars-jubilaeum-i-aar\\\/\"},\"wordCount\":412,\"publisher\":{\"@id\":\"https:\\\/\\\/www.campinganderwald.at\\\/da\\\/#organization\"},\"image\":{\"@id\":\"https:\\\/\\\/www.campinganderwald.at\\\/da\\\/vi-fejrer-vores-70-aars-jubilaeum-i-aar\\\/#primaryimage\"},\"thumbnailUrl\":\"https:\\\/\\\/www.campinganderwald.at\\\/wp-content\\\/uploads\\\/2022\\\/01\\\/4b26409e86faa_o.jpg\",\"articleSection\":[\"Camping\"],\"inLanguage\":\"da-DK\"},{\"@type\":\"WebPage\",\"@id\":\"https:\\\/\\\/www.campinganderwald.at\\\/da\\\/vi-fejrer-vores-70-aars-jubilaeum-i-aar\\\/\",\"url\":\"https:\\\/\\\/www.campinganderwald.at\\\/da\\\/vi-fejrer-vores-70-aars-jubilaeum-i-aar\\\/\",\"name\":\"Vi fejrer vores 70 \u00e5rs jubil\u00e6um i \u00e5r. - Camping Anderwald\",\"isPartOf\":{\"@id\":\"https:\\\/\\\/www.campinganderwald.at\\\/da\\\/#website\"},\"primaryImageOfPage\":{\"@id\":\"https:\\\/\\\/www.campinganderwald.at\\\/da\\\/vi-fejrer-vores-70-aars-jubilaeum-i-aar\\\/#primaryimage\"},\"image\":{\"@id\":\"https:\\\/\\\/www.campinganderwald.at\\\/da\\\/vi-fejrer-vores-70-aars-jubilaeum-i-aar\\\/#primaryimage\"},\"thumbnailUrl\":\"https:\\\/\\\/www.campinganderwald.at\\\/wp-content\\\/uploads\\\/2022\\\/01\\\/4b26409e86faa_o.jpg\",\"datePublished\":\"2021-12-31T15:18:20+00:00\",\"dateModified\":\"2022-03-17T20:33:00+00:00\",\"breadcrumb\":{\"@id\":\"https:\\\/\\\/www.campinganderwald.at\\\/da\\\/vi-fejrer-vores-70-aars-jubilaeum-i-aar\\\/#breadcrumb\"},\"inLanguage\":\"da-DK\",\"potentialAction\":[{\"@type\":\"ReadAction\",\"target\":[\"https:\\\/\\\/www.campinganderwald.at\\\/da\\\/vi-fejrer-vores-70-aars-jubilaeum-i-aar\\\/\"]}]},{\"@type\":\"ImageObject\",\"inLanguage\":\"da-DK\",\"@id\":\"https:\\\/\\\/www.campinganderwald.at\\\/da\\\/vi-fejrer-vores-70-aars-jubilaeum-i-aar\\\/#primaryimage\",\"url\":\"https:\\\/\\\/www.campinganderwald.at\\\/wp-content\\\/uploads\\\/2022\\\/01\\\/4b26409e86faa_o.jpg\",\"contentUrl\":\"https:\\\/\\\/www.campinganderwald.at\\\/wp-content\\\/uploads\\\/2022\\\/01\\\/4b26409e86faa_o.jpg\",\"width\":1000,\"height\":705},{\"@type\":\"BreadcrumbList\",\"@id\":\"https:\\\/\\\/www.campinganderwald.at\\\/da\\\/vi-fejrer-vores-70-aars-jubilaeum-i-aar\\\/#breadcrumb\",\"itemListElement\":[{\"@type\":\"ListItem\",\"position\":1,\"name\":\"Startseite\",\"item\":\"https:\\\/\\\/www.campinganderwald.at\\\/da\\\/\"},{\"@type\":\"ListItem\",\"position\":2,\"name\":\"Vi fejrer vores 70 \u00e5rs jubil\u00e6um i \u00e5r.\"}]},{\"@type\":\"WebSite\",\"@id\":\"https:\\\/\\\/www.campinganderwald.at\\\/da\\\/#website\",\"url\":\"https:\\\/\\\/www.campinganderwald.at\\\/da\\\/\",\"name\":\"Camping Anderwald\",\"description\":\"Unser Campingplatz liegt direkt am Faaker See in K\u00e4rnten, eingebettet in die traumhafte Kulisse der das gesamte Gebiet umgebenden Karawanken. Der Faaker See ist nicht nur der s\u00fcdlichste Badesee K\u00e4rntens, er ist auch einer der...\",\"publisher\":{\"@id\":\"https:\\\/\\\/www.campinganderwald.at\\\/da\\\/#organization\"},\"potentialAction\":[{\"@type\":\"SearchAction\",\"target\":{\"@type\":\"EntryPoint\",\"urlTemplate\":\"https:\\\/\\\/www.campinganderwald.at\\\/da\\\/?s={search_term_string}\"},\"query-input\":{\"@type\":\"PropertyValueSpecification\",\"valueRequired\":true,\"valueName\":\"search_term_string\"}}],\"inLanguage\":\"da-DK\"},{\"@type\":\"Organization\",\"@id\":\"https:\\\/\\\/www.campinganderwald.at\\\/da\\\/#organization\",\"name\":\"Camping Anderwald\",\"url\":\"https:\\\/\\\/www.campinganderwald.at\\\/da\\\/\",\"logo\":{\"@type\":\"ImageObject\",\"inLanguage\":\"da-DK\",\"@id\":\"https:\\\/\\\/www.campinganderwald.at\\\/da\\\/#\\\/schema\\\/logo\\\/image\\\/\",\"url\":\"https:\\\/\\\/www.campinganderwald.at\\\/wp-content\\\/uploads\\\/2022\\\/01\\\/campingAnderwald-logo.svg\",\"contentUrl\":\"https:\\\/\\\/www.campinganderwald.at\\\/wp-content\\\/uploads\\\/2022\\\/01\\\/campingAnderwald-logo.svg\",\"caption\":\"Camping Anderwald\"},\"image\":{\"@id\":\"https:\\\/\\\/www.campinganderwald.at\\\/da\\\/#\\\/schema\\\/logo\\\/image\\\/\"}},{\"@type\":\"Person\",\"@id\":\"https:\\\/\\\/www.campinganderwald.at\\\/da\\\/#\\\/schema\\\/person\\\/7dbc318ce4cf7a155331fcf77d5d73cb\",\"name\":\"Robin Glaeser\",\"image\":{\"@type\":\"ImageObject\",\"inLanguage\":\"da-DK\",\"@id\":\"https:\\\/\\\/secure.gravatar.com\\\/avatar\\\/c2ced714fe866d8201f880ac33c72348163b39b42fac54343c714604025d63ef?s=96&d=mm&r=g\",\"url\":\"https:\\\/\\\/secure.gravatar.com\\\/avatar\\\/c2ced714fe866d8201f880ac33c72348163b39b42fac54343c714604025d63ef?s=96&d=mm&r=g\",\"contentUrl\":\"https:\\\/\\\/secure.gravatar.com\\\/avatar\\\/c2ced714fe866d8201f880ac33c72348163b39b42fac54343c714604025d63ef?s=96&d=mm&r=g\",\"caption\":\"Robin Glaeser\"},\"url\":\"https:\\\/\\\/www.campinganderwald.at\\\/da\\\/author\\\/sinf4er\\\/\"}]}<\/script>\n<!-- \/ Yoast SEO plugin. -->","yoast_head_json":{"title":"Vi fejrer vores 70 \u00e5rs jubil\u00e6um i \u00e5r. - Camping Anderwald","robots":{"index":"index","follow":"follow","max-snippet":"max-snippet:-1","max-image-preview":"max-image-preview:large","max-video-preview":"max-video-preview:-1"},"canonical":"https:\/\/www.campinganderwald.at\/da\/vi-fejrer-vores-70-aars-jubilaeum-i-aar\/","og_locale":"da_DK","og_type":"article","og_title":"Vi fejrer vores 70 \u00e5rs jubil\u00e6um i \u00e5r. - Camping Anderwald","og_description":"Med campingpladsen er det ligesom med mig selv &#8211; for jeg ved aldrig pr\u00e6cis, hvor gammel jeg er \ud83d\ude09 &#8211; I hvert fald fejrer vi i 2022 70 \u00e5rs Camping Anderwald. For p\u00e5 et tidspunkt i begyndelsen af 50&#8217;erne startede min bedstefar Johann Anderwald det i Uferwald ved s\u00f8en Faaker See, i den s\u00e5kaldte &#8220;jungle&#8221;, [&hellip;]","og_url":"https:\/\/www.campinganderwald.at\/da\/vi-fejrer-vores-70-aars-jubilaeum-i-aar\/","og_site_name":"Camping Anderwald","article_published_time":"2021-12-31T15:18:20+00:00","article_modified_time":"2022-03-17T20:33:00+00:00","og_image":[{"width":1000,"height":705,"url":"https:\/\/www.campinganderwald.at\/wp-content\/uploads\/2022\/01\/4b26409e86faa_o.jpg","type":"image\/jpeg"}],"author":"Robin Glaeser","twitter_card":"summary_large_image","twitter_misc":{"Skrevet af":"Robin Glaeser","Estimeret l\u00e6setid":"2 minutter"},"schema":{"@context":"https:\/\/schema.org","@graph":[{"@type":"Article","@id":"https:\/\/www.campinganderwald.at\/da\/vi-fejrer-vores-70-aars-jubilaeum-i-aar\/#article","isPartOf":{"@id":"https:\/\/www.campinganderwald.at\/da\/vi-fejrer-vores-70-aars-jubilaeum-i-aar\/"},"author":{"name":"Robin Glaeser","@id":"https:\/\/www.campinganderwald.at\/da\/#\/schema\/person\/7dbc318ce4cf7a155331fcf77d5d73cb"},"headline":"Vi fejrer vores 70 \u00e5rs jubil\u00e6um i \u00e5r.","datePublished":"2021-12-31T15:18:20+00:00","dateModified":"2022-03-17T20:33:00+00:00","mainEntityOfPage":{"@id":"https:\/\/www.campinganderwald.at\/da\/vi-fejrer-vores-70-aars-jubilaeum-i-aar\/"},"wordCount":412,"publisher":{"@id":"https:\/\/www.campinganderwald.at\/da\/#organization"},"image":{"@id":"https:\/\/www.campinganderwald.at\/da\/vi-fejrer-vores-70-aars-jubilaeum-i-aar\/#primaryimage"},"thumbnailUrl":"https:\/\/www.campinganderwald.at\/wp-content\/uploads\/2022\/01\/4b26409e86faa_o.jpg","articleSection":["Camping"],"inLanguage":"da-DK"},{"@type":"WebPage","@id":"https:\/\/www.campinganderwald.at\/da\/vi-fejrer-vores-70-aars-jubilaeum-i-aar\/","url":"https:\/\/www.campinganderwald.at\/da\/vi-fejrer-vores-70-aars-jubilaeum-i-aar\/","name":"Vi fejrer vores 70 \u00e5rs jubil\u00e6um i \u00e5r. - Camping Anderwald","isPartOf":{"@id":"https:\/\/www.campinganderwald.at\/da\/#website"},"primaryImageOfPage":{"@id":"https:\/\/www.campinganderwald.at\/da\/vi-fejrer-vores-70-aars-jubilaeum-i-aar\/#primaryimage"},"image":{"@id":"https:\/\/www.campinganderwald.at\/da\/vi-fejrer-vores-70-aars-jubilaeum-i-aar\/#primaryimage"},"thumbnailUrl":"https:\/\/www.campinganderwald.at\/wp-content\/uploads\/2022\/01\/4b26409e86faa_o.jpg","datePublished":"2021-12-31T15:18:20+00:00","dateModified":"2022-03-17T20:33:00+00:00","breadcrumb":{"@id":"https:\/\/www.campinganderwald.at\/da\/vi-fejrer-vores-70-aars-jubilaeum-i-aar\/#breadcrumb"},"inLanguage":"da-DK","potentialAction":[{"@type":"ReadAction","target":["https:\/\/www.campinganderwald.at\/da\/vi-fejrer-vores-70-aars-jubilaeum-i-aar\/"]}]},{"@type":"ImageObject","inLanguage":"da-DK","@id":"https:\/\/www.campinganderwald.at\/da\/vi-fejrer-vores-70-aars-jubilaeum-i-aar\/#primaryimage","url":"https:\/\/www.campinganderwald.at\/wp-content\/uploads\/2022\/01\/4b26409e86faa_o.jpg","contentUrl":"https:\/\/www.campinganderwald.at\/wp-content\/uploads\/2022\/01\/4b26409e86faa_o.jpg","width":1000,"height":705},{"@type":"BreadcrumbList","@id":"https:\/\/www.campinganderwald.at\/da\/vi-fejrer-vores-70-aars-jubilaeum-i-aar\/#breadcrumb","itemListElement":[{"@type":"ListItem","position":1,"name":"Startseite","item":"https:\/\/www.campinganderwald.at\/da\/"},{"@type":"ListItem","position":2,"name":"Vi fejrer vores 70 \u00e5rs jubil\u00e6um i \u00e5r."}]},{"@type":"WebSite","@id":"https:\/\/www.campinganderwald.at\/da\/#website","url":"https:\/\/www.campinganderwald.at\/da\/","name":"Camping Anderwald","description":"Unser Campingplatz liegt direkt am Faaker See in K\u00e4rnten, eingebettet in die traumhafte Kulisse der das gesamte Gebiet umgebenden Karawanken. Der Faaker See ist nicht nur der s\u00fcdlichste Badesee K\u00e4rntens, er ist auch einer der...","publisher":{"@id":"https:\/\/www.campinganderwald.at\/da\/#organization"},"potentialAction":[{"@type":"SearchAction","target":{"@type":"EntryPoint","urlTemplate":"https:\/\/www.campinganderwald.at\/da\/?s={search_term_string}"},"query-input":{"@type":"PropertyValueSpecification","valueRequired":true,"valueName":"search_term_string"}}],"inLanguage":"da-DK"},{"@type":"Organization","@id":"https:\/\/www.campinganderwald.at\/da\/#organization","name":"Camping Anderwald","url":"https:\/\/www.campinganderwald.at\/da\/","logo":{"@type":"ImageObject","inLanguage":"da-DK","@id":"https:\/\/www.campinganderwald.at\/da\/#\/schema\/logo\/image\/","url":"https:\/\/www.campinganderwald.at\/wp-content\/uploads\/2022\/01\/campingAnderwald-logo.svg","contentUrl":"https:\/\/www.campinganderwald.at\/wp-content\/uploads\/2022\/01\/campingAnderwald-logo.svg","caption":"Camping Anderwald"},"image":{"@id":"https:\/\/www.campinganderwald.at\/da\/#\/schema\/logo\/image\/"}},{"@type":"Person","@id":"https:\/\/www.campinganderwald.at\/da\/#\/schema\/person\/7dbc318ce4cf7a155331fcf77d5d73cb","name":"Robin Glaeser","image":{"@type":"ImageObject","inLanguage":"da-DK","@id":"https:\/\/secure.gravatar.com\/avatar\/c2ced714fe866d8201f880ac33c72348163b39b42fac54343c714604025d63ef?s=96&d=mm&r=g","url":"https:\/\/secure.gravatar.com\/avatar\/c2ced714fe866d8201f880ac33c72348163b39b42fac54343c714604025d63ef?s=96&d=mm&r=g","contentUrl":"https:\/\/secure.gravatar.com\/avatar\/c2ced714fe866d8201f880ac33c72348163b39b42fac54343c714604025d63ef?s=96&d=mm&r=g","caption":"Robin Glaeser"},"url":"https:\/\/www.campinganderwald.at\/da\/author\/sinf4er\/"}]}},"_links":{"self":[{"href":"https:\/\/www.campinganderwald.at\/da\/wp-json\/wp\/v2\/posts\/3483","targetHints":{"allow":["GET"]}}],"collection":[{"href":"https:\/\/www.campinganderwald.at\/da\/wp-json\/wp\/v2\/posts"}],"about":[{"href":"https:\/\/www.campinganderwald.at\/da\/wp-json\/wp\/v2\/types\/post"}],"author":[{"embeddable":true,"href":"https:\/\/www.campinganderwald.at\/da\/wp-json\/wp\/v2\/users\/2"}],"replies":[{"embeddable":true,"href":"https:\/\/www.campinganderwald.at\/da\/wp-json\/wp\/v2\/comments?post=3483"}],"version-history":[{"count":0,"href":"https:\/\/www.campinganderwald.at\/da\/wp-json\/wp\/v2\/posts\/3483\/revisions"}],"wp:featuredmedia":[{"embeddable":true,"href":"https:\/\/www.campinganderwald.at\/da\/wp-json\/wp\/v2\/media\/2189"}],"wp:attachment":[{"href":"https:\/\/www.campinganderwald.at\/da\/wp-json\/wp\/v2\/media?parent=3483"}],"wp:term":[{"taxonomy":"category","embeddable":true,"href":"https:\/\/www.campinganderwald.at\/da\/wp-json\/wp\/v2\/categories?post=3483"},{"taxonomy":"post_tag","embeddable":true,"href":"https:\/\/www.campinganderwald.at\/da\/wp-json\/wp\/v2\/tags?post=3483"}],"curies":[{"name":"wp","href":"https:\/\/api.w.org\/{rel}","templated":true}]}}