{"id":3455,"date":"2021-12-31T16:18:20","date_gmt":"2021-12-31T15:18:20","guid":{"rendered":"https:\/\/www.campinganderwald.at\/questanno-celebriamo-il-nostro-70-anniversario\/"},"modified":"2022-03-17T21:33:47","modified_gmt":"2022-03-17T20:33:47","slug":"questanno-celebriamo-il-nostro-70-anniversario","status":"publish","type":"post","link":"https:\/\/www.campinganderwald.at\/it\/questanno-celebriamo-il-nostro-70-anniversario\/","title":{"rendered":"Quest&#8217;anno celebriamo il nostro 70\u00b0 anniversario."},"content":{"rendered":"\n<p>Con il campeggio \u00e8 come con me stesso &#8211; perch\u00e9 non so mai esattamente quanti anni ho \ud83d\ude09 &#8211; In ogni caso, nel 2022 festeggeremo i 70 anni del Camping Anderwald. Perch\u00e9 ad un certo punto nei primi anni &#8217;50 mio nonno Johann Anderwald inizi\u00f2 it nell&#8217;Uferwald sul lago Faaker See, nella cosiddetta &#8220;giungla&#8221;, per creare un luogo idilliaco per i viaggiatori.<\/p>\n\n<figure class=\"wp-block-gallery columns-2 is-cropped wp-block-gallery-1 is-layout-flex wp-block-gallery-is-layout-flex\"><ul class=\"blocks-gallery-grid\"><li class=\"blocks-gallery-item\"><figure><img fetchpriority=\"high\" decoding=\"async\" width=\"1200\" height=\"848\" src=\"https:\/\/www.campinganderwald.at\/wp-content\/uploads\/2022\/01\/61d0df592ce5c_o.jpg\" alt=\"\" data-id=\"1259\" data-full-url=\"https:\/\/www.campinganderwald.at\/wp-content\/uploads\/2022\/01\/61d0df592ce5c_o.jpg\" data-link=\"https:\/\/www.campinganderwald.at\/wir-feiern-heuer-unser-70-jahr-jubilaeum\/61d0df592ce5c_o\/\" class=\"wp-image-1259\" srcset=\"https:\/\/www.campinganderwald.at\/wp-content\/uploads\/2022\/01\/61d0df592ce5c_o.jpg 1200w, https:\/\/www.campinganderwald.at\/wp-content\/uploads\/2022\/01\/61d0df592ce5c_o-300x212.jpg 300w, https:\/\/www.campinganderwald.at\/wp-content\/uploads\/2022\/01\/61d0df592ce5c_o-1024x724.jpg 1024w, https:\/\/www.campinganderwald.at\/wp-content\/uploads\/2022\/01\/61d0df592ce5c_o-768x543.jpg 768w\" sizes=\"(max-width: 1200px) 100vw, 1200px\" \/><\/figure><\/li><li class=\"blocks-gallery-item\"><figure><img decoding=\"async\" width=\"1000\" height=\"690\" src=\"https:\/\/www.campinganderwald.at\/wp-content\/uploads\/2022\/01\/4b26409e82193_o.jpg\" alt=\"\" data-id=\"1258\" data-full-url=\"https:\/\/www.campinganderwald.at\/wp-content\/uploads\/2022\/01\/4b26409e82193_o.jpg\" data-link=\"https:\/\/www.campinganderwald.at\/wir-feiern-heuer-unser-70-jahr-jubilaeum\/4b26409e82193_o\/\" class=\"wp-image-1258\" srcset=\"https:\/\/www.campinganderwald.at\/wp-content\/uploads\/2022\/01\/4b26409e82193_o.jpg 1000w, https:\/\/www.campinganderwald.at\/wp-content\/uploads\/2022\/01\/4b26409e82193_o-300x207.jpg 300w, https:\/\/www.campinganderwald.at\/wp-content\/uploads\/2022\/01\/4b26409e82193_o-768x530.jpg 768w\" sizes=\"(max-width: 1000px) 100vw, 1000px\" \/><figcaption class=\"blocks-gallery-item__caption\">La nostra inizia nel 1961 &#8211; Camping Anderwald<\/figcaption><\/figure><\/li><\/ul><\/figure>\n<p>Questa \u00e8 ancora la mia missione oggi: creiamo un luogo speciale e idilliaco per campeggiare e viaggiare il pi\u00f9 dolcemente possibile, con la massima sensibilit\u00e0 possibile per le persone e la natura. Un anno fa, uno dei primi ospiti del nostro campeggio mi ha mandato le seguenti righe:<\/p>\n\n<p><em>Ciao<\/em><br\/><em>Sono stato uno dei primissimi visitatori del campeggio Anderwald con i miei genitori. L&#8217;abbiamo protetto nel 1952 (e poi nel 55 e 59) dove siamo rimasti per una settimana. La prima volta che non c&#8217;era nemmeno un bagno in loco, dovevamo andare a Gruber (un accordo) c&#8217;era un chiosco e un bagno dietro, dovevamo lavarci fuori.<br\/>Herr Anderwald (probabilmente il nonno) \u00e8 venuto la sera in bicicletta e ha chiacchierato con noi. A quel tempo eravamo solo una ventina di tende in totale sulle due piazzole. Bjarne Hansen<\/em><\/p>\n\n<p><\/p>\n\n<figure class=\"wp-block-gallery columns-2 is-cropped wp-block-gallery-2 is-layout-flex wp-block-gallery-is-layout-flex\"><ul class=\"blocks-gallery-grid\"><li class=\"blocks-gallery-item\"><figure><img decoding=\"async\" width=\"1000\" height=\"807\" src=\"https:\/\/www.campinganderwald.at\/wp-content\/uploads\/2022\/01\/4b26409e91b89_o.jpg\" alt=\"\" data-id=\"1260\" data-full-url=\"https:\/\/www.campinganderwald.at\/wp-content\/uploads\/2022\/01\/4b26409e91b89_o.jpg\" data-link=\"https:\/\/www.campinganderwald.at\/?attachment_id=1260\" class=\"wp-image-1260\" srcset=\"https:\/\/www.campinganderwald.at\/wp-content\/uploads\/2022\/01\/4b26409e91b89_o.jpg 1000w, https:\/\/www.campinganderwald.at\/wp-content\/uploads\/2022\/01\/4b26409e91b89_o-300x242.jpg 300w, https:\/\/www.campinganderwald.at\/wp-content\/uploads\/2022\/01\/4b26409e91b89_o-768x620.jpg 768w\" sizes=\"(max-width: 1000px) 100vw, 1000px\" \/><figcaption class=\"blocks-gallery-item__caption\">ricordi di quel tempo<\/figcaption><\/figure><\/li><li class=\"blocks-gallery-item\"><figure><img loading=\"lazy\" decoding=\"async\" width=\"1000\" height=\"705\" src=\"https:\/\/www.campinganderwald.at\/wp-content\/uploads\/2022\/01\/4b26409e86faa_o.jpg\" alt=\"\" data-id=\"1261\" data-full-url=\"https:\/\/www.campinganderwald.at\/wp-content\/uploads\/2022\/01\/4b26409e86faa_o.jpg\" data-link=\"https:\/\/www.campinganderwald.at\/?attachment_id=1261\" class=\"wp-image-1261\" srcset=\"https:\/\/www.campinganderwald.at\/wp-content\/uploads\/2022\/01\/4b26409e86faa_o.jpg 1000w, https:\/\/www.campinganderwald.at\/wp-content\/uploads\/2022\/01\/4b26409e86faa_o-300x212.jpg 300w, https:\/\/www.campinganderwald.at\/wp-content\/uploads\/2022\/01\/4b26409e86faa_o-768x541.jpg 768w\" sizes=\"(max-width: 1000px) 100vw, 1000px\" \/><figcaption class=\"blocks-gallery-item__caption\">Shore &#8211; Campeggio Anderwald<\/figcaption><\/figure><\/li><\/ul><\/figure>\n<p>Oggi abbiamo abbastanza servizi igienici ecc. &#8211; e fortunatamente ancora molti alberi, alcuni dei quali all&#8217;epoca fornivano ombra e atmosfera &#8211; e preferiamo ancora viaggiare in bicicletta ;-).<\/p>\n\n<p>Hai una foto di uno dei tuoi soggiorni con noi che \u00e8 importante per te? Un ricordo che ti tocca? Una foto che per te significa &#8220;Camping Anderwald&#8221;? O una tua foto qui al nostro campeggio? Quindi invialo a <a href=\"https:\/\/www.campinganderwald.at\/de\/menu38\/news187\/#\">office@campinganderwald.at &#8211;<\/a> vorremmo allestire un muro fotografico molto grande nel campeggio&#8230;<\/p>\n\n<p><\/p>\n\n<p>Tra tutte le iscrizioni regaliamo premi speciali: da una bottiglia di prodotti fatti in casa a un soggiorno gratuito in campeggio.<\/p>\n\n<p>Attendiamo con impazienza le vostre proposte e nell&#8217;estate del 2022 celebreremo pi\u00f9 volte gli anni &#8217;70 tra aprile e novembre &#8211; con una tradizionale giornata in chiesa a maggio, un brunch jazz al raduno della canoa, la settimana della bicicletta a settembre, il nuovo Hermann Aschwer presentazione del libro (il suo 20\u00b0 libro di Sport!!!) in cui il nostro campeggio<br\/>gioca un ruolo importante per la &#8220;leggenda del triathlon&#8221;, la musica della chitarra al fal\u00f2 sulla spiaggia, ecc&#8230;<br\/>Non vediamo l&#8217;ora e speriamo di rendere felice anche te!<\/p>\n\n<p><br\/>I tuoi Anderwald<\/p>\n\n<div class=\"wp-block-columns is-layout-flex wp-container-core-columns-is-layout-9d6595d7 wp-block-columns-is-layout-flex\">\n<div class=\"wp-block-column is-layout-flow wp-block-column-is-layout-flow\" style=\"flex-basis:100%\">\n<div class=\"wp-block-group\"><div class=\"wp-block-group__inner-container is-layout-flow wp-block-group-is-layout-flow\">\n<div class=\"wp-block-columns is-layout-flex wp-container-core-columns-is-layout-9d6595d7 wp-block-columns-is-layout-flex\">\n<div class=\"wp-block-column is-layout-flow wp-block-column-is-layout-flow\" style=\"flex-basis:100%\">\n<figure class=\"wp-block-gallery columns-3 is-cropped wp-block-gallery-3 is-layout-flex wp-block-gallery-is-layout-flex\"><ul class=\"blocks-gallery-grid\"><li class=\"blocks-gallery-item\"><figure><img loading=\"lazy\" decoding=\"async\" width=\"1000\" height=\"705\" src=\"https:\/\/www.campinganderwald.at\/wp-content\/uploads\/2022\/01\/4b26409e86faa_o.jpg\" alt=\"\" data-id=\"1261\" data-full-url=\"https:\/\/www.campinganderwald.at\/wp-content\/uploads\/2022\/01\/4b26409e86faa_o.jpg\" data-link=\"https:\/\/www.campinganderwald.at\/?attachment_id=1261\" class=\"wp-image-1261\" srcset=\"https:\/\/www.campinganderwald.at\/wp-content\/uploads\/2022\/01\/4b26409e86faa_o.jpg 1000w, https:\/\/www.campinganderwald.at\/wp-content\/uploads\/2022\/01\/4b26409e86faa_o-300x212.jpg 300w, https:\/\/www.campinganderwald.at\/wp-content\/uploads\/2022\/01\/4b26409e86faa_o-768x541.jpg 768w\" sizes=\"(max-width: 1000px) 100vw, 1000px\" \/><\/figure><\/li><li class=\"blocks-gallery-item\"><figure><img loading=\"lazy\" decoding=\"async\" width=\"1000\" height=\"697\" src=\"https:\/\/www.campinganderwald.at\/wp-content\/uploads\/2022\/01\/4b26409e87f4a_o.jpg\" alt=\"\" data-id=\"1284\" data-full-url=\"https:\/\/www.campinganderwald.at\/wp-content\/uploads\/2022\/01\/4b26409e87f4a_o.jpg\" data-link=\"https:\/\/www.campinganderwald.at\/4b26409e87f4a_o\/\" class=\"wp-image-1284\" srcset=\"https:\/\/www.campinganderwald.at\/wp-content\/uploads\/2022\/01\/4b26409e87f4a_o.jpg 1000w, https:\/\/www.campinganderwald.at\/wp-content\/uploads\/2022\/01\/4b26409e87f4a_o-300x209.jpg 300w, https:\/\/www.campinganderwald.at\/wp-content\/uploads\/2022\/01\/4b26409e87f4a_o-768x535.jpg 768w\" sizes=\"(max-width: 1000px) 100vw, 1000px\" \/><\/figure><\/li><li class=\"blocks-gallery-item\"><figure><img loading=\"lazy\" decoding=\"async\" width=\"1000\" height=\"679\" src=\"https:\/\/www.campinganderwald.at\/wp-content\/uploads\/2022\/01\/4b26409e89e8a_o.jpg\" alt=\"\" data-id=\"1283\" data-full-url=\"https:\/\/www.campinganderwald.at\/wp-content\/uploads\/2022\/01\/4b26409e89e8a_o.jpg\" data-link=\"https:\/\/www.campinganderwald.at\/4b26409e89e8a_o\/\" class=\"wp-image-1283\" srcset=\"https:\/\/www.campinganderwald.at\/wp-content\/uploads\/2022\/01\/4b26409e89e8a_o.jpg 1000w, https:\/\/www.campinganderwald.at\/wp-content\/uploads\/2022\/01\/4b26409e89e8a_o-300x204.jpg 300w, https:\/\/www.campinganderwald.at\/wp-content\/uploads\/2022\/01\/4b26409e89e8a_o-768x521.jpg 768w\" sizes=\"(max-width: 1000px) 100vw, 1000px\" \/><\/figure><\/li><li class=\"blocks-gallery-item\"><figure><img loading=\"lazy\" decoding=\"async\" width=\"987\" height=\"990\" src=\"https:\/\/www.campinganderwald.at\/wp-content\/uploads\/2022\/01\/4b26409e8dd09_o.jpg\" alt=\"\" data-id=\"1282\" data-full-url=\"https:\/\/www.campinganderwald.at\/wp-content\/uploads\/2022\/01\/4b26409e8dd09_o.jpg\" data-link=\"https:\/\/www.campinganderwald.at\/4b26409e8dd09_o\/\" class=\"wp-image-1282\" srcset=\"https:\/\/www.campinganderwald.at\/wp-content\/uploads\/2022\/01\/4b26409e8dd09_o.jpg 987w, https:\/\/www.campinganderwald.at\/wp-content\/uploads\/2022\/01\/4b26409e8dd09_o-300x300.jpg 300w, https:\/\/www.campinganderwald.at\/wp-content\/uploads\/2022\/01\/4b26409e8dd09_o-150x150.jpg 150w, https:\/\/www.campinganderwald.at\/wp-content\/uploads\/2022\/01\/4b26409e8dd09_o-768x770.jpg 768w\" sizes=\"(max-width: 987px) 100vw, 987px\" \/><\/figure><\/li><li class=\"blocks-gallery-item\"><figure><img loading=\"lazy\" decoding=\"async\" width=\"1000\" height=\"807\" src=\"https:\/\/www.campinganderwald.at\/wp-content\/uploads\/2022\/01\/4b26409e91b89_o-1.jpg\" alt=\"\" data-id=\"1281\" data-full-url=\"https:\/\/www.campinganderwald.at\/wp-content\/uploads\/2022\/01\/4b26409e91b89_o-1.jpg\" data-link=\"https:\/\/www.campinganderwald.at\/4b26409e91b89_o-2\/\" class=\"wp-image-1281\" srcset=\"https:\/\/www.campinganderwald.at\/wp-content\/uploads\/2022\/01\/4b26409e91b89_o-1.jpg 1000w, https:\/\/www.campinganderwald.at\/wp-content\/uploads\/2022\/01\/4b26409e91b89_o-1-300x242.jpg 300w, https:\/\/www.campinganderwald.at\/wp-content\/uploads\/2022\/01\/4b26409e91b89_o-1-768x620.jpg 768w\" sizes=\"(max-width: 1000px) 100vw, 1000px\" \/><\/figure><\/li><li class=\"blocks-gallery-item\"><figure><img loading=\"lazy\" decoding=\"async\" width=\"1000\" height=\"700\" src=\"https:\/\/www.campinganderwald.at\/wp-content\/uploads\/2022\/01\/4b26409e90be9_o.jpg\" alt=\"\" data-id=\"1280\" data-full-url=\"https:\/\/www.campinganderwald.at\/wp-content\/uploads\/2022\/01\/4b26409e90be9_o.jpg\" data-link=\"https:\/\/www.campinganderwald.at\/4b26409e90be9_o\/\" class=\"wp-image-1280\" srcset=\"https:\/\/www.campinganderwald.at\/wp-content\/uploads\/2022\/01\/4b26409e90be9_o.jpg 1000w, https:\/\/www.campinganderwald.at\/wp-content\/uploads\/2022\/01\/4b26409e90be9_o-300x210.jpg 300w, https:\/\/www.campinganderwald.at\/wp-content\/uploads\/2022\/01\/4b26409e90be9_o-768x538.jpg 768w\" sizes=\"(max-width: 1000px) 100vw, 1000px\" \/><\/figure><\/li><li class=\"blocks-gallery-item\"><figure><img loading=\"lazy\" decoding=\"async\" width=\"1000\" height=\"698\" src=\"https:\/\/www.campinganderwald.at\/wp-content\/uploads\/2022\/01\/4b26409e8fc49_o.jpg\" alt=\"\" data-id=\"1279\" data-full-url=\"https:\/\/www.campinganderwald.at\/wp-content\/uploads\/2022\/01\/4b26409e8fc49_o.jpg\" data-link=\"https:\/\/www.campinganderwald.at\/4b26409e8fc49_o\/\" class=\"wp-image-1279\" srcset=\"https:\/\/www.campinganderwald.at\/wp-content\/uploads\/2022\/01\/4b26409e8fc49_o.jpg 1000w, https:\/\/www.campinganderwald.at\/wp-content\/uploads\/2022\/01\/4b26409e8fc49_o-300x209.jpg 300w, https:\/\/www.campinganderwald.at\/wp-content\/uploads\/2022\/01\/4b26409e8fc49_o-768x536.jpg 768w\" sizes=\"(max-width: 1000px) 100vw, 1000px\" \/><\/figure><\/li><li class=\"blocks-gallery-item\"><figure><img loading=\"lazy\" decoding=\"async\" width=\"1000\" height=\"719\" src=\"https:\/\/www.campinganderwald.at\/wp-content\/uploads\/2022\/01\/4b26409e92b29_o.jpg\" alt=\"\" data-id=\"1278\" data-full-url=\"https:\/\/www.campinganderwald.at\/wp-content\/uploads\/2022\/01\/4b26409e92b29_o.jpg\" data-link=\"https:\/\/www.campinganderwald.at\/4b26409e92b29_o\/\" class=\"wp-image-1278\" srcset=\"https:\/\/www.campinganderwald.at\/wp-content\/uploads\/2022\/01\/4b26409e92b29_o.jpg 1000w, https:\/\/www.campinganderwald.at\/wp-content\/uploads\/2022\/01\/4b26409e92b29_o-300x216.jpg 300w, https:\/\/www.campinganderwald.at\/wp-content\/uploads\/2022\/01\/4b26409e92b29_o-768x552.jpg 768w\" sizes=\"(max-width: 1000px) 100vw, 1000px\" \/><\/figure><\/li><li class=\"blocks-gallery-item\"><figure><img loading=\"lazy\" decoding=\"async\" width=\"1000\" height=\"694\" src=\"https:\/\/www.campinganderwald.at\/wp-content\/uploads\/2022\/01\/4b26409e996e0_o.jpg\" alt=\"\" data-id=\"1277\" data-full-url=\"https:\/\/www.campinganderwald.at\/wp-content\/uploads\/2022\/01\/4b26409e996e0_o.jpg\" data-link=\"https:\/\/www.campinganderwald.at\/4b26409e996e0_o\/\" class=\"wp-image-1277\" srcset=\"https:\/\/www.campinganderwald.at\/wp-content\/uploads\/2022\/01\/4b26409e996e0_o.jpg 1000w, https:\/\/www.campinganderwald.at\/wp-content\/uploads\/2022\/01\/4b26409e996e0_o-300x208.jpg 300w, https:\/\/www.campinganderwald.at\/wp-content\/uploads\/2022\/01\/4b26409e996e0_o-768x533.jpg 768w\" sizes=\"(max-width: 1000px) 100vw, 1000px\" \/><\/figure><\/li><li class=\"blocks-gallery-item\"><figure><img loading=\"lazy\" decoding=\"async\" width=\"1000\" height=\"702\" src=\"https:\/\/www.campinganderwald.at\/wp-content\/uploads\/2022\/01\/4b26409e8ae29_o.jpg\" alt=\"\" data-id=\"1276\" data-full-url=\"https:\/\/www.campinganderwald.at\/wp-content\/uploads\/2022\/01\/4b26409e8ae29_o.jpg\" data-link=\"https:\/\/www.campinganderwald.at\/4b26409e8ae29_o\/\" class=\"wp-image-1276\" srcset=\"https:\/\/www.campinganderwald.at\/wp-content\/uploads\/2022\/01\/4b26409e8ae29_o.jpg 1000w, https:\/\/www.campinganderwald.at\/wp-content\/uploads\/2022\/01\/4b26409e8ae29_o-300x211.jpg 300w, https:\/\/www.campinganderwald.at\/wp-content\/uploads\/2022\/01\/4b26409e8ae29_o-768x539.jpg 768w\" sizes=\"(max-width: 1000px) 100vw, 1000px\" \/><\/figure><\/li><li class=\"blocks-gallery-item\"><figure><img loading=\"lazy\" decoding=\"async\" width=\"1000\" height=\"701\" src=\"https:\/\/www.campinganderwald.at\/wp-content\/uploads\/2022\/01\/4b26409e88ee9_o.jpg\" alt=\"\" data-id=\"1275\" data-full-url=\"https:\/\/www.campinganderwald.at\/wp-content\/uploads\/2022\/01\/4b26409e88ee9_o.jpg\" data-link=\"https:\/\/www.campinganderwald.at\/4b26409e88ee9_o\/\" class=\"wp-image-1275\" srcset=\"https:\/\/www.campinganderwald.at\/wp-content\/uploads\/2022\/01\/4b26409e88ee9_o.jpg 1000w, https:\/\/www.campinganderwald.at\/wp-content\/uploads\/2022\/01\/4b26409e88ee9_o-300x210.jpg 300w, https:\/\/www.campinganderwald.at\/wp-content\/uploads\/2022\/01\/4b26409e88ee9_o-768x538.jpg 768w\" sizes=\"(max-width: 1000px) 100vw, 1000px\" \/><\/figure><\/li><li class=\"blocks-gallery-item\"><figure><img loading=\"lazy\" decoding=\"async\" width=\"1000\" height=\"594\" src=\"https:\/\/www.campinganderwald.at\/wp-content\/uploads\/2022\/01\/4b26409e8cd6a_o.jpg\" alt=\"\" data-id=\"1274\" data-full-url=\"https:\/\/www.campinganderwald.at\/wp-content\/uploads\/2022\/01\/4b26409e8cd6a_o.jpg\" data-link=\"https:\/\/www.campinganderwald.at\/4b26409e8cd6a_o\/\" class=\"wp-image-1274\" srcset=\"https:\/\/www.campinganderwald.at\/wp-content\/uploads\/2022\/01\/4b26409e8cd6a_o.jpg 1000w, https:\/\/www.campinganderwald.at\/wp-content\/uploads\/2022\/01\/4b26409e8cd6a_o-300x178.jpg 300w, https:\/\/www.campinganderwald.at\/wp-content\/uploads\/2022\/01\/4b26409e8cd6a_o-768x456.jpg 768w\" sizes=\"(max-width: 1000px) 100vw, 1000px\" \/><\/figure><\/li><li class=\"blocks-gallery-item\"><figure><img loading=\"lazy\" decoding=\"async\" width=\"1000\" height=\"693\" src=\"https:\/\/www.campinganderwald.at\/wp-content\/uploads\/2022\/01\/4b26409e969b2_o.jpg\" alt=\"\" data-id=\"1273\" data-full-url=\"https:\/\/www.campinganderwald.at\/wp-content\/uploads\/2022\/01\/4b26409e969b2_o.jpg\" data-link=\"https:\/\/www.campinganderwald.at\/4b26409e969b2_o\/\" class=\"wp-image-1273\" srcset=\"https:\/\/www.campinganderwald.at\/wp-content\/uploads\/2022\/01\/4b26409e969b2_o.jpg 1000w, https:\/\/www.campinganderwald.at\/wp-content\/uploads\/2022\/01\/4b26409e969b2_o-300x208.jpg 300w, https:\/\/www.campinganderwald.at\/wp-content\/uploads\/2022\/01\/4b26409e969b2_o-768x532.jpg 768w\" sizes=\"(max-width: 1000px) 100vw, 1000px\" \/><\/figure><\/li><li class=\"blocks-gallery-item\"><figure><img loading=\"lazy\" decoding=\"async\" width=\"1000\" height=\"694\" src=\"https:\/\/www.campinganderwald.at\/wp-content\/uploads\/2022\/01\/4b26409e97947_o.jpg\" alt=\"\" data-id=\"1272\" data-full-url=\"https:\/\/www.campinganderwald.at\/wp-content\/uploads\/2022\/01\/4b26409e97947_o.jpg\" data-link=\"https:\/\/www.campinganderwald.at\/4b26409e97947_o\/\" class=\"wp-image-1272\" srcset=\"https:\/\/www.campinganderwald.at\/wp-content\/uploads\/2022\/01\/4b26409e97947_o.jpg 1000w, https:\/\/www.campinganderwald.at\/wp-content\/uploads\/2022\/01\/4b26409e97947_o-300x208.jpg 300w, https:\/\/www.campinganderwald.at\/wp-content\/uploads\/2022\/01\/4b26409e97947_o-768x533.jpg 768w\" sizes=\"(max-width: 1000px) 100vw, 1000px\" \/><\/figure><\/li><li class=\"blocks-gallery-item\"><figure><img loading=\"lazy\" decoding=\"async\" width=\"1000\" height=\"690\" src=\"https:\/\/www.campinganderwald.at\/wp-content\/uploads\/2022\/01\/4b26409e93aca_o.jpg\" alt=\"\" data-id=\"1271\" data-full-url=\"https:\/\/www.campinganderwald.at\/wp-content\/uploads\/2022\/01\/4b26409e93aca_o.jpg\" data-link=\"https:\/\/www.campinganderwald.at\/4b26409e93aca_o\/\" class=\"wp-image-1271\" srcset=\"https:\/\/www.campinganderwald.at\/wp-content\/uploads\/2022\/01\/4b26409e93aca_o.jpg 1000w, https:\/\/www.campinganderwald.at\/wp-content\/uploads\/2022\/01\/4b26409e93aca_o-300x207.jpg 300w, https:\/\/www.campinganderwald.at\/wp-content\/uploads\/2022\/01\/4b26409e93aca_o-768x530.jpg 768w\" sizes=\"(max-width: 1000px) 100vw, 1000px\" \/><\/figure><\/li><li class=\"blocks-gallery-item\"><figure><img loading=\"lazy\" decoding=\"async\" width=\"1000\" height=\"660\" src=\"https:\/\/www.campinganderwald.at\/wp-content\/uploads\/2022\/01\/4b26409e95a0a_o.jpg\" alt=\"\" data-id=\"1270\" data-full-url=\"https:\/\/www.campinganderwald.at\/wp-content\/uploads\/2022\/01\/4b26409e95a0a_o.jpg\" data-link=\"https:\/\/www.campinganderwald.at\/4b26409e95a0a_o\/\" class=\"wp-image-1270\" srcset=\"https:\/\/www.campinganderwald.at\/wp-content\/uploads\/2022\/01\/4b26409e95a0a_o.jpg 1000w, https:\/\/www.campinganderwald.at\/wp-content\/uploads\/2022\/01\/4b26409e95a0a_o-300x198.jpg 300w, https:\/\/www.campinganderwald.at\/wp-content\/uploads\/2022\/01\/4b26409e95a0a_o-768x507.jpg 768w\" sizes=\"(max-width: 1000px) 100vw, 1000px\" \/><\/figure><\/li><li class=\"blocks-gallery-item\"><figure><img loading=\"lazy\" decoding=\"async\" width=\"1000\" height=\"713\" src=\"https:\/\/www.campinganderwald.at\/wp-content\/uploads\/2022\/01\/4b26409e8600a_o.jpg\" alt=\"\" data-id=\"1269\" data-full-url=\"https:\/\/www.campinganderwald.at\/wp-content\/uploads\/2022\/01\/4b26409e8600a_o.jpg\" data-link=\"https:\/\/www.campinganderwald.at\/4b26409e8600a_o\/\" class=\"wp-image-1269\" srcset=\"https:\/\/www.campinganderwald.at\/wp-content\/uploads\/2022\/01\/4b26409e8600a_o.jpg 1000w, https:\/\/www.campinganderwald.at\/wp-content\/uploads\/2022\/01\/4b26409e8600a_o-300x214.jpg 300w, https:\/\/www.campinganderwald.at\/wp-content\/uploads\/2022\/01\/4b26409e8600a_o-768x548.jpg 768w\" sizes=\"(max-width: 1000px) 100vw, 1000px\" \/><\/figure><\/li><li class=\"blocks-gallery-item\"><figure><img loading=\"lazy\" decoding=\"async\" width=\"1000\" height=\"702\" src=\"https:\/\/www.campinganderwald.at\/wp-content\/uploads\/2022\/01\/4b26409e8312b_o.jpg\" alt=\"\" data-id=\"1268\" data-full-url=\"https:\/\/www.campinganderwald.at\/wp-content\/uploads\/2022\/01\/4b26409e8312b_o.jpg\" data-link=\"https:\/\/www.campinganderwald.at\/4b26409e8312b_o\/\" class=\"wp-image-1268\" srcset=\"https:\/\/www.campinganderwald.at\/wp-content\/uploads\/2022\/01\/4b26409e8312b_o.jpg 1000w, https:\/\/www.campinganderwald.at\/wp-content\/uploads\/2022\/01\/4b26409e8312b_o-300x211.jpg 300w, https:\/\/www.campinganderwald.at\/wp-content\/uploads\/2022\/01\/4b26409e8312b_o-768x539.jpg 768w\" sizes=\"(max-width: 1000px) 100vw, 1000px\" \/><\/figure><\/li><li class=\"blocks-gallery-item\"><figure><img loading=\"lazy\" decoding=\"async\" width=\"1000\" height=\"705\" src=\"https:\/\/www.campinganderwald.at\/wp-content\/uploads\/2022\/01\/4b26409e86faa_o-1.jpg\" alt=\"\" data-id=\"1267\" data-full-url=\"https:\/\/www.campinganderwald.at\/wp-content\/uploads\/2022\/01\/4b26409e86faa_o-1.jpg\" data-link=\"https:\/\/www.campinganderwald.at\/4b26409e86faa_o-2\/\" class=\"wp-image-1267\" srcset=\"https:\/\/www.campinganderwald.at\/wp-content\/uploads\/2022\/01\/4b26409e86faa_o-1.jpg 1000w, https:\/\/www.campinganderwald.at\/wp-content\/uploads\/2022\/01\/4b26409e86faa_o-1-300x212.jpg 300w, https:\/\/www.campinganderwald.at\/wp-content\/uploads\/2022\/01\/4b26409e86faa_o-1-768x541.jpg 768w\" sizes=\"(max-width: 1000px) 100vw, 1000px\" \/><\/figure><\/li><li class=\"blocks-gallery-item\"><figure><img loading=\"lazy\" decoding=\"async\" width=\"921\" height=\"942\" src=\"https:\/\/www.campinganderwald.at\/wp-content\/uploads\/2022\/01\/4b26409e840cc_o.jpg\" alt=\"\" data-id=\"1266\" data-full-url=\"https:\/\/www.campinganderwald.at\/wp-content\/uploads\/2022\/01\/4b26409e840cc_o.jpg\" data-link=\"https:\/\/www.campinganderwald.at\/4b26409e840cc_o\/\" class=\"wp-image-1266\" srcset=\"https:\/\/www.campinganderwald.at\/wp-content\/uploads\/2022\/01\/4b26409e840cc_o.jpg 921w, https:\/\/www.campinganderwald.at\/wp-content\/uploads\/2022\/01\/4b26409e840cc_o-293x300.jpg 293w, https:\/\/www.campinganderwald.at\/wp-content\/uploads\/2022\/01\/4b26409e840cc_o-768x786.jpg 768w\" sizes=\"(max-width: 921px) 100vw, 921px\" \/><\/figure><\/li><li class=\"blocks-gallery-item\"><figure><img loading=\"lazy\" decoding=\"async\" width=\"720\" height=\"1000\" src=\"https:\/\/www.campinganderwald.at\/wp-content\/uploads\/2022\/01\/4b26409e8eca9_o.jpg\" alt=\"\" data-id=\"1265\" data-full-url=\"https:\/\/www.campinganderwald.at\/wp-content\/uploads\/2022\/01\/4b26409e8eca9_o.jpg\" data-link=\"https:\/\/www.campinganderwald.at\/4b26409e8eca9_o\/\" class=\"wp-image-1265\" srcset=\"https:\/\/www.campinganderwald.at\/wp-content\/uploads\/2022\/01\/4b26409e8eca9_o.jpg 720w, https:\/\/www.campinganderwald.at\/wp-content\/uploads\/2022\/01\/4b26409e8eca9_o-216x300.jpg 216w\" sizes=\"(max-width: 720px) 100vw, 720px\" \/><\/figure><\/li><li class=\"blocks-gallery-item\"><figure><img loading=\"lazy\" decoding=\"async\" width=\"1000\" height=\"732\" src=\"https:\/\/www.campinganderwald.at\/wp-content\/uploads\/2022\/01\/4b26409e85069_o.jpg\" alt=\"\" data-id=\"1264\" data-full-url=\"https:\/\/www.campinganderwald.at\/wp-content\/uploads\/2022\/01\/4b26409e85069_o.jpg\" data-link=\"https:\/\/www.campinganderwald.at\/4b26409e85069_o\/\" class=\"wp-image-1264\" srcset=\"https:\/\/www.campinganderwald.at\/wp-content\/uploads\/2022\/01\/4b26409e85069_o.jpg 1000w, https:\/\/www.campinganderwald.at\/wp-content\/uploads\/2022\/01\/4b26409e85069_o-300x220.jpg 300w, https:\/\/www.campinganderwald.at\/wp-content\/uploads\/2022\/01\/4b26409e85069_o-768x562.jpg 768w\" sizes=\"(max-width: 1000px) 100vw, 1000px\" \/><\/figure><\/li><li class=\"blocks-gallery-item\"><figure><img loading=\"lazy\" decoding=\"async\" width=\"1000\" height=\"677\" src=\"https:\/\/www.campinganderwald.at\/wp-content\/uploads\/2022\/01\/4b26409e94a69_o.jpg\" alt=\"\" data-id=\"1263\" data-full-url=\"https:\/\/www.campinganderwald.at\/wp-content\/uploads\/2022\/01\/4b26409e94a69_o.jpg\" data-link=\"https:\/\/www.campinganderwald.at\/4b26409e94a69_o\/\" class=\"wp-image-1263\" srcset=\"https:\/\/www.campinganderwald.at\/wp-content\/uploads\/2022\/01\/4b26409e94a69_o.jpg 1000w, https:\/\/www.campinganderwald.at\/wp-content\/uploads\/2022\/01\/4b26409e94a69_o-300x203.jpg 300w, https:\/\/www.campinganderwald.at\/wp-content\/uploads\/2022\/01\/4b26409e94a69_o-768x520.jpg 768w\" sizes=\"(max-width: 1000px) 100vw, 1000px\" \/><\/figure><\/li><li class=\"blocks-gallery-item\"><figure><img loading=\"lazy\" decoding=\"async\" width=\"1024\" height=\"626\" src=\"https:\/\/www.campinganderwald.at\/wp-content\/uploads\/2022\/01\/53087d555e36e_o-1024x626.jpg\" alt=\"\" data-id=\"1262\" data-full-url=\"https:\/\/www.campinganderwald.at\/wp-content\/uploads\/2022\/01\/53087d555e36e_o.jpg\" data-link=\"https:\/\/www.campinganderwald.at\/53087d555e36e_o\/\" class=\"wp-image-1262\" srcset=\"https:\/\/www.campinganderwald.at\/wp-content\/uploads\/2022\/01\/53087d555e36e_o-1024x626.jpg 1024w, https:\/\/www.campinganderwald.at\/wp-content\/uploads\/2022\/01\/53087d555e36e_o-300x184.jpg 300w, https:\/\/www.campinganderwald.at\/wp-content\/uploads\/2022\/01\/53087d555e36e_o-768x470.jpg 768w, https:\/\/www.campinganderwald.at\/wp-content\/uploads\/2022\/01\/53087d555e36e_o.jpg 1200w\" sizes=\"(max-width: 1024px) 100vw, 1024px\" \/><\/figure><\/li><\/ul><\/figure><\/div>\n<\/div>\n<\/div><\/div>\n<\/div>\n<\/div>\n","protected":false},"excerpt":{"rendered":"<p>Con il campeggio \u00e8 come con me stesso &#8211; perch\u00e9 non so mai esattamente quanti anni ho \ud83d\ude09 &#8211; In ogni caso, nel 2022 festeggeremo i 70 anni del Camping Anderwald. Perch\u00e9 ad un certo punto nei primi anni &#8217;50 mio nonno Johann Anderwald inizi\u00f2 it nell&#8217;Uferwald sul lago Faaker See, nella cosiddetta &#8220;giungla&#8221;, per [&hellip;]<\/p>\n","protected":false},"author":2,"featured_media":2192,"comment_status":"closed","ping_status":"open","sticky":false,"template":"","format":"standard","meta":{"footnotes":""},"categories":[41],"tags":[],"class_list":["post-3455","post","type-post","status-publish","format-standard","has-post-thumbnail","hentry","category-campeggio"],"yoast_head":"<!-- This site is optimized with the Yoast SEO plugin v27.5 - https:\/\/yoast.com\/product\/yoast-seo-wordpress\/ -->\n<title>Quest&#039;anno celebriamo il nostro 70\u00b0 anniversario. - Camping Anderwald<\/title>\n<meta name=\"robots\" content=\"index, follow, max-snippet:-1, max-image-preview:large, max-video-preview:-1\" \/>\n<link rel=\"canonical\" href=\"https:\/\/www.campinganderwald.at\/it\/questanno-celebriamo-il-nostro-70-anniversario\/\" \/>\n<meta property=\"og:locale\" content=\"it_IT\" \/>\n<meta property=\"og:type\" content=\"article\" \/>\n<meta property=\"og:title\" content=\"Quest&#039;anno celebriamo il nostro 70\u00b0 anniversario. - Camping Anderwald\" \/>\n<meta property=\"og:description\" content=\"Con il campeggio \u00e8 come con me stesso &#8211; perch\u00e9 non so mai esattamente quanti anni ho \ud83d\ude09 &#8211; In ogni caso, nel 2022 festeggeremo i 70 anni del Camping Anderwald. Perch\u00e9 ad un certo punto nei primi anni &#8217;50 mio nonno Johann Anderwald inizi\u00f2 it nell&#8217;Uferwald sul lago Faaker See, nella cosiddetta &#8220;giungla&#8221;, per [&hellip;]\" \/>\n<meta property=\"og:url\" content=\"https:\/\/www.campinganderwald.at\/it\/questanno-celebriamo-il-nostro-70-anniversario\/\" \/>\n<meta property=\"og:site_name\" content=\"Camping Anderwald\" \/>\n<meta property=\"article:published_time\" content=\"2021-12-31T15:18:20+00:00\" \/>\n<meta property=\"article:modified_time\" content=\"2022-03-17T20:33:47+00:00\" \/>\n<meta property=\"og:image\" content=\"https:\/\/www.campinganderwald.at\/wp-content\/uploads\/2022\/01\/4b26409e86faa_o.jpg\" \/>\n\t<meta property=\"og:image:width\" content=\"1000\" \/>\n\t<meta property=\"og:image:height\" content=\"705\" \/>\n\t<meta property=\"og:image:type\" content=\"image\/jpeg\" \/>\n<meta name=\"author\" content=\"Robin Glaeser\" \/>\n<meta name=\"twitter:card\" content=\"summary_large_image\" \/>\n<meta name=\"twitter:label1\" content=\"Scritto da\" \/>\n\t<meta name=\"twitter:data1\" content=\"Robin Glaeser\" \/>\n\t<meta name=\"twitter:label2\" content=\"Tempo di lettura stimato\" \/>\n\t<meta name=\"twitter:data2\" content=\"2 minuti\" \/>\n<script type=\"application\/ld+json\" class=\"yoast-schema-graph\">{\"@context\":\"https:\\\/\\\/schema.org\",\"@graph\":[{\"@type\":\"Article\",\"@id\":\"https:\\\/\\\/www.campinganderwald.at\\\/it\\\/questanno-celebriamo-il-nostro-70-anniversario\\\/#article\",\"isPartOf\":{\"@id\":\"https:\\\/\\\/www.campinganderwald.at\\\/it\\\/questanno-celebriamo-il-nostro-70-anniversario\\\/\"},\"author\":{\"name\":\"Robin Glaeser\",\"@id\":\"https:\\\/\\\/www.campinganderwald.at\\\/it\\\/#\\\/schema\\\/person\\\/7dbc318ce4cf7a155331fcf77d5d73cb\"},\"headline\":\"Quest&#8217;anno celebriamo il nostro 70\u00b0 anniversario.\",\"datePublished\":\"2021-12-31T15:18:20+00:00\",\"dateModified\":\"2022-03-17T20:33:47+00:00\",\"mainEntityOfPage\":{\"@id\":\"https:\\\/\\\/www.campinganderwald.at\\\/it\\\/questanno-celebriamo-il-nostro-70-anniversario\\\/\"},\"wordCount\":404,\"publisher\":{\"@id\":\"https:\\\/\\\/www.campinganderwald.at\\\/it\\\/#organization\"},\"image\":{\"@id\":\"https:\\\/\\\/www.campinganderwald.at\\\/it\\\/questanno-celebriamo-il-nostro-70-anniversario\\\/#primaryimage\"},\"thumbnailUrl\":\"https:\\\/\\\/www.campinganderwald.at\\\/wp-content\\\/uploads\\\/2022\\\/01\\\/4b26409e86faa_o.jpg\",\"articleSection\":[\"campeggio\"],\"inLanguage\":\"it-IT\"},{\"@type\":\"WebPage\",\"@id\":\"https:\\\/\\\/www.campinganderwald.at\\\/it\\\/questanno-celebriamo-il-nostro-70-anniversario\\\/\",\"url\":\"https:\\\/\\\/www.campinganderwald.at\\\/it\\\/questanno-celebriamo-il-nostro-70-anniversario\\\/\",\"name\":\"Quest'anno celebriamo il nostro 70\u00b0 anniversario. - Camping Anderwald\",\"isPartOf\":{\"@id\":\"https:\\\/\\\/www.campinganderwald.at\\\/it\\\/#website\"},\"primaryImageOfPage\":{\"@id\":\"https:\\\/\\\/www.campinganderwald.at\\\/it\\\/questanno-celebriamo-il-nostro-70-anniversario\\\/#primaryimage\"},\"image\":{\"@id\":\"https:\\\/\\\/www.campinganderwald.at\\\/it\\\/questanno-celebriamo-il-nostro-70-anniversario\\\/#primaryimage\"},\"thumbnailUrl\":\"https:\\\/\\\/www.campinganderwald.at\\\/wp-content\\\/uploads\\\/2022\\\/01\\\/4b26409e86faa_o.jpg\",\"datePublished\":\"2021-12-31T15:18:20+00:00\",\"dateModified\":\"2022-03-17T20:33:47+00:00\",\"breadcrumb\":{\"@id\":\"https:\\\/\\\/www.campinganderwald.at\\\/it\\\/questanno-celebriamo-il-nostro-70-anniversario\\\/#breadcrumb\"},\"inLanguage\":\"it-IT\",\"potentialAction\":[{\"@type\":\"ReadAction\",\"target\":[\"https:\\\/\\\/www.campinganderwald.at\\\/it\\\/questanno-celebriamo-il-nostro-70-anniversario\\\/\"]}]},{\"@type\":\"ImageObject\",\"inLanguage\":\"it-IT\",\"@id\":\"https:\\\/\\\/www.campinganderwald.at\\\/it\\\/questanno-celebriamo-il-nostro-70-anniversario\\\/#primaryimage\",\"url\":\"https:\\\/\\\/www.campinganderwald.at\\\/wp-content\\\/uploads\\\/2022\\\/01\\\/4b26409e86faa_o.jpg\",\"contentUrl\":\"https:\\\/\\\/www.campinganderwald.at\\\/wp-content\\\/uploads\\\/2022\\\/01\\\/4b26409e86faa_o.jpg\",\"width\":1000,\"height\":705},{\"@type\":\"BreadcrumbList\",\"@id\":\"https:\\\/\\\/www.campinganderwald.at\\\/it\\\/questanno-celebriamo-il-nostro-70-anniversario\\\/#breadcrumb\",\"itemListElement\":[{\"@type\":\"ListItem\",\"position\":1,\"name\":\"Startseite\",\"item\":\"https:\\\/\\\/www.campinganderwald.at\\\/it\\\/\"},{\"@type\":\"ListItem\",\"position\":2,\"name\":\"Quest&#8217;anno celebriamo il nostro 70\u00b0 anniversario.\"}]},{\"@type\":\"WebSite\",\"@id\":\"https:\\\/\\\/www.campinganderwald.at\\\/it\\\/#website\",\"url\":\"https:\\\/\\\/www.campinganderwald.at\\\/it\\\/\",\"name\":\"Camping Anderwald\",\"description\":\"Unser Campingplatz liegt direkt am Faaker See in K\u00e4rnten, eingebettet in die traumhafte Kulisse der das gesamte Gebiet umgebenden Karawanken. Der Faaker See ist nicht nur der s\u00fcdlichste Badesee K\u00e4rntens, er ist auch einer der...\",\"publisher\":{\"@id\":\"https:\\\/\\\/www.campinganderwald.at\\\/it\\\/#organization\"},\"potentialAction\":[{\"@type\":\"SearchAction\",\"target\":{\"@type\":\"EntryPoint\",\"urlTemplate\":\"https:\\\/\\\/www.campinganderwald.at\\\/it\\\/?s={search_term_string}\"},\"query-input\":{\"@type\":\"PropertyValueSpecification\",\"valueRequired\":true,\"valueName\":\"search_term_string\"}}],\"inLanguage\":\"it-IT\"},{\"@type\":\"Organization\",\"@id\":\"https:\\\/\\\/www.campinganderwald.at\\\/it\\\/#organization\",\"name\":\"Camping Anderwald\",\"url\":\"https:\\\/\\\/www.campinganderwald.at\\\/it\\\/\",\"logo\":{\"@type\":\"ImageObject\",\"inLanguage\":\"it-IT\",\"@id\":\"https:\\\/\\\/www.campinganderwald.at\\\/it\\\/#\\\/schema\\\/logo\\\/image\\\/\",\"url\":\"https:\\\/\\\/www.campinganderwald.at\\\/wp-content\\\/uploads\\\/2022\\\/01\\\/campingAnderwald-logo.svg\",\"contentUrl\":\"https:\\\/\\\/www.campinganderwald.at\\\/wp-content\\\/uploads\\\/2022\\\/01\\\/campingAnderwald-logo.svg\",\"caption\":\"Camping Anderwald\"},\"image\":{\"@id\":\"https:\\\/\\\/www.campinganderwald.at\\\/it\\\/#\\\/schema\\\/logo\\\/image\\\/\"}},{\"@type\":\"Person\",\"@id\":\"https:\\\/\\\/www.campinganderwald.at\\\/it\\\/#\\\/schema\\\/person\\\/7dbc318ce4cf7a155331fcf77d5d73cb\",\"name\":\"Robin Glaeser\",\"image\":{\"@type\":\"ImageObject\",\"inLanguage\":\"it-IT\",\"@id\":\"https:\\\/\\\/secure.gravatar.com\\\/avatar\\\/c2ced714fe866d8201f880ac33c72348163b39b42fac54343c714604025d63ef?s=96&d=mm&r=g\",\"url\":\"https:\\\/\\\/secure.gravatar.com\\\/avatar\\\/c2ced714fe866d8201f880ac33c72348163b39b42fac54343c714604025d63ef?s=96&d=mm&r=g\",\"contentUrl\":\"https:\\\/\\\/secure.gravatar.com\\\/avatar\\\/c2ced714fe866d8201f880ac33c72348163b39b42fac54343c714604025d63ef?s=96&d=mm&r=g\",\"caption\":\"Robin Glaeser\"},\"url\":\"https:\\\/\\\/www.campinganderwald.at\\\/it\\\/author\\\/sinf4er\\\/\"}]}<\/script>\n<!-- \/ Yoast SEO plugin. -->","yoast_head_json":{"title":"Quest'anno celebriamo il nostro 70\u00b0 anniversario. - Camping Anderwald","robots":{"index":"index","follow":"follow","max-snippet":"max-snippet:-1","max-image-preview":"max-image-preview:large","max-video-preview":"max-video-preview:-1"},"canonical":"https:\/\/www.campinganderwald.at\/it\/questanno-celebriamo-il-nostro-70-anniversario\/","og_locale":"it_IT","og_type":"article","og_title":"Quest'anno celebriamo il nostro 70\u00b0 anniversario. - Camping Anderwald","og_description":"Con il campeggio \u00e8 come con me stesso &#8211; perch\u00e9 non so mai esattamente quanti anni ho \ud83d\ude09 &#8211; In ogni caso, nel 2022 festeggeremo i 70 anni del Camping Anderwald. Perch\u00e9 ad un certo punto nei primi anni &#8217;50 mio nonno Johann Anderwald inizi\u00f2 it nell&#8217;Uferwald sul lago Faaker See, nella cosiddetta &#8220;giungla&#8221;, per [&hellip;]","og_url":"https:\/\/www.campinganderwald.at\/it\/questanno-celebriamo-il-nostro-70-anniversario\/","og_site_name":"Camping Anderwald","article_published_time":"2021-12-31T15:18:20+00:00","article_modified_time":"2022-03-17T20:33:47+00:00","og_image":[{"width":1000,"height":705,"url":"https:\/\/www.campinganderwald.at\/wp-content\/uploads\/2022\/01\/4b26409e86faa_o.jpg","type":"image\/jpeg"}],"author":"Robin Glaeser","twitter_card":"summary_large_image","twitter_misc":{"Scritto da":"Robin Glaeser","Tempo di lettura stimato":"2 minuti"},"schema":{"@context":"https:\/\/schema.org","@graph":[{"@type":"Article","@id":"https:\/\/www.campinganderwald.at\/it\/questanno-celebriamo-il-nostro-70-anniversario\/#article","isPartOf":{"@id":"https:\/\/www.campinganderwald.at\/it\/questanno-celebriamo-il-nostro-70-anniversario\/"},"author":{"name":"Robin Glaeser","@id":"https:\/\/www.campinganderwald.at\/it\/#\/schema\/person\/7dbc318ce4cf7a155331fcf77d5d73cb"},"headline":"Quest&#8217;anno celebriamo il nostro 70\u00b0 anniversario.","datePublished":"2021-12-31T15:18:20+00:00","dateModified":"2022-03-17T20:33:47+00:00","mainEntityOfPage":{"@id":"https:\/\/www.campinganderwald.at\/it\/questanno-celebriamo-il-nostro-70-anniversario\/"},"wordCount":404,"publisher":{"@id":"https:\/\/www.campinganderwald.at\/it\/#organization"},"image":{"@id":"https:\/\/www.campinganderwald.at\/it\/questanno-celebriamo-il-nostro-70-anniversario\/#primaryimage"},"thumbnailUrl":"https:\/\/www.campinganderwald.at\/wp-content\/uploads\/2022\/01\/4b26409e86faa_o.jpg","articleSection":["campeggio"],"inLanguage":"it-IT"},{"@type":"WebPage","@id":"https:\/\/www.campinganderwald.at\/it\/questanno-celebriamo-il-nostro-70-anniversario\/","url":"https:\/\/www.campinganderwald.at\/it\/questanno-celebriamo-il-nostro-70-anniversario\/","name":"Quest'anno celebriamo il nostro 70\u00b0 anniversario. - Camping Anderwald","isPartOf":{"@id":"https:\/\/www.campinganderwald.at\/it\/#website"},"primaryImageOfPage":{"@id":"https:\/\/www.campinganderwald.at\/it\/questanno-celebriamo-il-nostro-70-anniversario\/#primaryimage"},"image":{"@id":"https:\/\/www.campinganderwald.at\/it\/questanno-celebriamo-il-nostro-70-anniversario\/#primaryimage"},"thumbnailUrl":"https:\/\/www.campinganderwald.at\/wp-content\/uploads\/2022\/01\/4b26409e86faa_o.jpg","datePublished":"2021-12-31T15:18:20+00:00","dateModified":"2022-03-17T20:33:47+00:00","breadcrumb":{"@id":"https:\/\/www.campinganderwald.at\/it\/questanno-celebriamo-il-nostro-70-anniversario\/#breadcrumb"},"inLanguage":"it-IT","potentialAction":[{"@type":"ReadAction","target":["https:\/\/www.campinganderwald.at\/it\/questanno-celebriamo-il-nostro-70-anniversario\/"]}]},{"@type":"ImageObject","inLanguage":"it-IT","@id":"https:\/\/www.campinganderwald.at\/it\/questanno-celebriamo-il-nostro-70-anniversario\/#primaryimage","url":"https:\/\/www.campinganderwald.at\/wp-content\/uploads\/2022\/01\/4b26409e86faa_o.jpg","contentUrl":"https:\/\/www.campinganderwald.at\/wp-content\/uploads\/2022\/01\/4b26409e86faa_o.jpg","width":1000,"height":705},{"@type":"BreadcrumbList","@id":"https:\/\/www.campinganderwald.at\/it\/questanno-celebriamo-il-nostro-70-anniversario\/#breadcrumb","itemListElement":[{"@type":"ListItem","position":1,"name":"Startseite","item":"https:\/\/www.campinganderwald.at\/it\/"},{"@type":"ListItem","position":2,"name":"Quest&#8217;anno celebriamo il nostro 70\u00b0 anniversario."}]},{"@type":"WebSite","@id":"https:\/\/www.campinganderwald.at\/it\/#website","url":"https:\/\/www.campinganderwald.at\/it\/","name":"Camping Anderwald","description":"Unser Campingplatz liegt direkt am Faaker See in K\u00e4rnten, eingebettet in die traumhafte Kulisse der das gesamte Gebiet umgebenden Karawanken. Der Faaker See ist nicht nur der s\u00fcdlichste Badesee K\u00e4rntens, er ist auch einer der...","publisher":{"@id":"https:\/\/www.campinganderwald.at\/it\/#organization"},"potentialAction":[{"@type":"SearchAction","target":{"@type":"EntryPoint","urlTemplate":"https:\/\/www.campinganderwald.at\/it\/?s={search_term_string}"},"query-input":{"@type":"PropertyValueSpecification","valueRequired":true,"valueName":"search_term_string"}}],"inLanguage":"it-IT"},{"@type":"Organization","@id":"https:\/\/www.campinganderwald.at\/it\/#organization","name":"Camping Anderwald","url":"https:\/\/www.campinganderwald.at\/it\/","logo":{"@type":"ImageObject","inLanguage":"it-IT","@id":"https:\/\/www.campinganderwald.at\/it\/#\/schema\/logo\/image\/","url":"https:\/\/www.campinganderwald.at\/wp-content\/uploads\/2022\/01\/campingAnderwald-logo.svg","contentUrl":"https:\/\/www.campinganderwald.at\/wp-content\/uploads\/2022\/01\/campingAnderwald-logo.svg","caption":"Camping Anderwald"},"image":{"@id":"https:\/\/www.campinganderwald.at\/it\/#\/schema\/logo\/image\/"}},{"@type":"Person","@id":"https:\/\/www.campinganderwald.at\/it\/#\/schema\/person\/7dbc318ce4cf7a155331fcf77d5d73cb","name":"Robin Glaeser","image":{"@type":"ImageObject","inLanguage":"it-IT","@id":"https:\/\/secure.gravatar.com\/avatar\/c2ced714fe866d8201f880ac33c72348163b39b42fac54343c714604025d63ef?s=96&d=mm&r=g","url":"https:\/\/secure.gravatar.com\/avatar\/c2ced714fe866d8201f880ac33c72348163b39b42fac54343c714604025d63ef?s=96&d=mm&r=g","contentUrl":"https:\/\/secure.gravatar.com\/avatar\/c2ced714fe866d8201f880ac33c72348163b39b42fac54343c714604025d63ef?s=96&d=mm&r=g","caption":"Robin Glaeser"},"url":"https:\/\/www.campinganderwald.at\/it\/author\/sinf4er\/"}]}},"_links":{"self":[{"href":"https:\/\/www.campinganderwald.at\/it\/wp-json\/wp\/v2\/posts\/3455","targetHints":{"allow":["GET"]}}],"collection":[{"href":"https:\/\/www.campinganderwald.at\/it\/wp-json\/wp\/v2\/posts"}],"about":[{"href":"https:\/\/www.campinganderwald.at\/it\/wp-json\/wp\/v2\/types\/post"}],"author":[{"embeddable":true,"href":"https:\/\/www.campinganderwald.at\/it\/wp-json\/wp\/v2\/users\/2"}],"replies":[{"embeddable":true,"href":"https:\/\/www.campinganderwald.at\/it\/wp-json\/wp\/v2\/comments?post=3455"}],"version-history":[{"count":0,"href":"https:\/\/www.campinganderwald.at\/it\/wp-json\/wp\/v2\/posts\/3455\/revisions"}],"wp:featuredmedia":[{"embeddable":true,"href":"https:\/\/www.campinganderwald.at\/it\/wp-json\/wp\/v2\/media\/2192"}],"wp:attachment":[{"href":"https:\/\/www.campinganderwald.at\/it\/wp-json\/wp\/v2\/media?parent=3455"}],"wp:term":[{"taxonomy":"category","embeddable":true,"href":"https:\/\/www.campinganderwald.at\/it\/wp-json\/wp\/v2\/categories?post=3455"},{"taxonomy":"post_tag","embeddable":true,"href":"https:\/\/www.campinganderwald.at\/it\/wp-json\/wp\/v2\/tags?post=3455"}],"curies":[{"name":"wp","href":"https:\/\/api.w.org\/{rel}","templated":true}]}}